{"id":4035,"date":"2024-12-07T00:08:42","date_gmt":"2024-12-06T23:08:42","guid":{"rendered":"https:\/\/teamtex.it\/cms\/?p=4035"},"modified":"2024-12-16T00:20:53","modified_gmt":"2024-12-15T23:20:53","slug":"we_di_festa","status":"publish","type":"post","link":"https:\/\/teamtex.it\/cms\/we_di_festa\/","title":{"rendered":"Un weekend di festa per l&#8217;ASD Team TEX: tra condivisione e riconoscimenti"},"content":{"rendered":"<div><span style=\"font-size: large;\">COMUNICATO STAMPA N.22\/2024:<\/span><span style=\"font-size: small;\">\u00a0<\/span><\/div>\n<div>\n<div dir=\"auto\">\n<p>Il weekend del\u00a0<strong>29 e 30 novembre 2024<\/strong> \u00e8 stato un momento di festa e soddisfazione per l&#8217;A.S.D. Team TEX, segnando la chiusura della stagione con eventi all\u2019insegna dell\u2019amicizia, dei ricordi e dei meritati riconoscimenti.<\/p>\n<p>La serata di <em><strong>venerd\u00ec 29 novembre<\/strong><\/em> ha visto il team riunirsi per l&#8217;ormai tradizionale <b>pizzata di fine anno<\/b>. Un\u2019occasione speciale per condividere i momenti pi\u00f9 belli della stagione 2024 trascorsa sui pedali, scambiandosi aneddoti e ricordi davanti a pizze fumanti e boccali di birra. \u00c8 stato un momento di grande convivialit\u00e0, dove la passione per il ciclismo ha rafforzato ancora di pi\u00f9 lo spirito di squadra e il senso di appartenenza.<\/p>\n<p><a href=\"https:\/\/teamtex.it\/cms\/wp-content\/uploads\/2024\/12\/IMG_1045-scaled.jpg\"><img loading=\"lazy\" decoding=\"async\" class=\"alignnone size-medium wp-image-4036\" src=\"https:\/\/teamtex.it\/cms\/wp-content\/uploads\/2024\/12\/IMG_1045-300x225.jpg\" alt=\"\" width=\"300\" height=\"225\" srcset=\"https:\/\/teamtex.it\/cms\/wp-content\/uploads\/2024\/12\/IMG_1045-300x225.jpg 300w, https:\/\/teamtex.it\/cms\/wp-content\/uploads\/2024\/12\/IMG_1045-1024x768.jpg 1024w, https:\/\/teamtex.it\/cms\/wp-content\/uploads\/2024\/12\/IMG_1045-768x576.jpg 768w, https:\/\/teamtex.it\/cms\/wp-content\/uploads\/2024\/12\/IMG_1045-1000x750.jpg 1000w, https:\/\/teamtex.it\/cms\/wp-content\/uploads\/2024\/12\/IMG_1045-500x375.jpg 500w, https:\/\/teamtex.it\/cms\/wp-content\/uploads\/2024\/12\/IMG_1045-1536x1152.jpg 1536w, https:\/\/teamtex.it\/cms\/wp-content\/uploads\/2024\/12\/IMG_1045-2048x1536.jpg 2048w\" sizes=\"auto, (max-width: 300px) 100vw, 300px\" \/><\/a><\/p>\n<p>La festa \u00e8 proseguita <strong><em>sabato 30 novembre<\/em><\/strong> con le prestigiose <strong>premiazioni del Comitato Provinciale Bergamasco FCI<\/strong>, presso il\u00a0<strong>Palaspir\u00e0 di Spirano<\/strong>.<\/p>\n<p>Grazie all\u2019organizzazione impeccabile di\u00a0<strong>Basilio Busetti<\/strong>, la cerimonia ha messo in luce i giovani talenti che si sono distinti nella stagione appena conclusa. La cerimonia ha ospitato nomi d\u2019eccellenza del ciclismo italiano, peraltro bergamaschi:<\/p>\n<p><strong>Mattia Cattaneo<\/strong>, campione europeo nella staffetta mista a squadre;<\/p>\n<p><strong>I fratelli Consonni: Chiara Consonni<\/strong>, medaglia d\u2019oro nella Madison alle Olimpiadi di Parigi 2024, <strong>Simone Consonni<\/strong>, argento nella Madison e bronzo nell\u2019inseguimento a squadre sempre a Parigi.<\/p>\n<p>Tra gli applausi e le emozioni, \u00e8 stato premiato anche l&#8217;A.S.D. <strong>Team Tex<\/strong>, riconosciuto tra le societ\u00e0 pi\u00f9 attive nell\u2019organizzazione di manifestazioni per i giovanissimi. La targa di riconoscimento, ritirata dalla Presidente Frederyca Valero, celebra l\u2019impegno e la dedizione nel promuovere il ciclismo tra le nuove generazioni, confermando il ruolo fondamentale del team nella crescita del movimento ciclistico provinciale.<\/p>\n<p><a href=\"https:\/\/teamtex.it\/cms\/wp-content\/uploads\/2024\/12\/IMG-20241130-WA0008.jpg\"><img loading=\"lazy\" decoding=\"async\" class=\"alignnone size-medium wp-image-4037\" src=\"https:\/\/teamtex.it\/cms\/wp-content\/uploads\/2024\/12\/IMG-20241130-WA0008-300x225.jpg\" alt=\"\" width=\"300\" height=\"225\" srcset=\"https:\/\/teamtex.it\/cms\/wp-content\/uploads\/2024\/12\/IMG-20241130-WA0008-300x225.jpg 300w, https:\/\/teamtex.it\/cms\/wp-content\/uploads\/2024\/12\/IMG-20241130-WA0008-1024x768.jpg 1024w, https:\/\/teamtex.it\/cms\/wp-content\/uploads\/2024\/12\/IMG-20241130-WA0008-768x576.jpg 768w, https:\/\/teamtex.it\/cms\/wp-content\/uploads\/2024\/12\/IMG-20241130-WA0008-1000x750.jpg 1000w, https:\/\/teamtex.it\/cms\/wp-content\/uploads\/2024\/12\/IMG-20241130-WA0008-500x375.jpg 500w, https:\/\/teamtex.it\/cms\/wp-content\/uploads\/2024\/12\/IMG-20241130-WA0008-1536x1152.jpg 1536w, https:\/\/teamtex.it\/cms\/wp-content\/uploads\/2024\/12\/IMG-20241130-WA0008.jpg 1600w\" sizes=\"auto, (max-width: 300px) 100vw, 300px\" \/><\/a><\/p>\n<p><strong>Un weekend indimenticabile<\/strong>, che ha saputo coniugare momenti di festa, sport e riconoscimenti, chiudendo la stagione 2024 nel migliore dei modi e lasciando i tesserati con la voglia di nuove avventure sui pedali per il 2025.<\/p>\n<\/div>\n<\/div>\n<div>\n<div dir=\"auto\">Non perdetevi le nostre ruote social, pertanto seguirci sui nostri canali: il profilo Instagram\u00a0<b>@teamtex<\/b>\u00a0e la pagina Facebook\u00a0<b>@teamTEX.ASD!<\/b><\/div>\n<\/div>\n<p><a href=\"https:\/\/teamtex.it\/cms\/sponsor-2024\/\">&gt; Conosci i nostri sponsor 2024<\/a><\/p>\n<p>&nbsp;<\/p>\n<p><strong>Chiuduno, 07\/12\/2024<\/strong><\/p>\n<p><strong>ASD Team TEX<\/strong><br \/>\nvia Brigata Lupi di Toscana, 15 Chiuduno (Bg)<\/p>\n<p>mail: ufficiostampa.teamtex@gmail.com<br \/>\ninstagram.com\/teamtex\/<br \/>\nfacebook.com\/teamTEX.ASD\/<\/p>\n","protected":false},"excerpt":{"rendered":"<p>COMUNICATO STAMPA N.22\/2024:\u00a0 Il weekend del\u00a029 e 30 novembre 2024 \u00e8 stato un momento di festa e soddisfazione per l&#8217;A.S.D. Team TEX, segnando la chiusura della stagione con eventi all\u2019insegna<\/p>\n","protected":false},"author":3,"featured_media":4038,"comment_status":"closed","ping_status":"closed","sticky":false,"template":"","format":"standard","meta":{"footnotes":""},"categories":[82,102,15],"tags":[37,73,60,97,58,96],"class_list":["post-4035","post","type-post","status-publish","format-standard","has-post-thumbnail","hentry","category-amatori","category-gravel","category-team-tex","tag-ciclismo","tag-cicloamatori","tag-cyclingteam","tag-legranddepart","tag-teamtex","tag-tourdefrance"],"yoast_head":"<!-- This site is optimized with the Yoast SEO plugin v25.9 - https:\/\/yoast.com\/wordpress\/plugins\/seo\/ -->\n<title>Un weekend di festa per l&#039;ASD Team TEX: tra condivisione e riconoscimenti - TEAM TEX<\/title>\n<meta name=\"robots\" content=\"index, follow, max-snippet:-1, max-image-preview:large, max-video-preview:-1\" \/>\n<link rel=\"canonical\" href=\"https:\/\/teamtex.it\/cms\/we_di_festa\/\" \/>\n<meta property=\"og:locale\" content=\"it_IT\" \/>\n<meta property=\"og:type\" content=\"article\" \/>\n<meta property=\"og:title\" content=\"Un weekend di festa per l&#039;ASD Team TEX: tra condivisione e riconoscimenti - TEAM TEX\" \/>\n<meta property=\"og:description\" content=\"COMUNICATO STAMPA N.22\/2024:\u00a0 Il weekend del\u00a029 e 30 novembre 2024 \u00e8 stato un momento di festa e soddisfazione per l&#8217;A.S.D. Team TEX, segnando la chiusura della stagione con eventi all\u2019insegna\" \/>\n<meta property=\"og:url\" content=\"https:\/\/teamtex.it\/cms\/we_di_festa\/\" \/>\n<meta property=\"og:site_name\" content=\"TEAM TEX\" \/>\n<meta property=\"article:publisher\" content=\"https:\/\/www.facebook.com\/teamTEX.ASD\/\" \/>\n<meta property=\"article:published_time\" content=\"2024-12-06T23:08:42+00:00\" \/>\n<meta property=\"article:modified_time\" content=\"2024-12-15T23:20:53+00:00\" \/>\n<meta property=\"og:image\" content=\"https:\/\/teamtex.it\/cms\/wp-content\/uploads\/2024\/12\/21-24_TeamTEX_608x280.jpg\" \/>\n\t<meta property=\"og:image:width\" content=\"608\" \/>\n\t<meta property=\"og:image:height\" content=\"280\" \/>\n\t<meta property=\"og:image:type\" content=\"image\/jpeg\" \/>\n<meta name=\"author\" content=\"teamtex\" \/>\n<meta name=\"twitter:label1\" content=\"Scritto da\" \/>\n\t<meta name=\"twitter:data1\" content=\"teamtex\" \/>\n\t<meta name=\"twitter:label2\" content=\"Tempo di lettura stimato\" \/>\n\t<meta name=\"twitter:data2\" content=\"3 minuti\" \/>\n<script type=\"application\/ld+json\" class=\"yoast-schema-graph\">{\"@context\":\"https:\/\/schema.org\",\"@graph\":[{\"@type\":\"WebPage\",\"@id\":\"https:\/\/teamtex.it\/cms\/we_di_festa\/\",\"url\":\"https:\/\/teamtex.it\/cms\/we_di_festa\/\",\"name\":\"Un weekend di festa per l'ASD Team TEX: tra condivisione e riconoscimenti - TEAM TEX\",\"isPartOf\":{\"@id\":\"https:\/\/teamtex.it\/cms\/#website\"},\"primaryImageOfPage\":{\"@id\":\"https:\/\/teamtex.it\/cms\/we_di_festa\/#primaryimage\"},\"image\":{\"@id\":\"https:\/\/teamtex.it\/cms\/we_di_festa\/#primaryimage\"},\"thumbnailUrl\":\"https:\/\/teamtex.it\/cms\/wp-content\/uploads\/2024\/12\/21-24_TeamTEX_608x280.jpg\",\"datePublished\":\"2024-12-06T23:08:42+00:00\",\"dateModified\":\"2024-12-15T23:20:53+00:00\",\"author\":{\"@id\":\"https:\/\/teamtex.it\/cms\/#\/schema\/person\/c6de176dbc13e8823f477456eea7b991\"},\"breadcrumb\":{\"@id\":\"https:\/\/teamtex.it\/cms\/we_di_festa\/#breadcrumb\"},\"inLanguage\":\"it-IT\",\"potentialAction\":[{\"@type\":\"ReadAction\",\"target\":[\"https:\/\/teamtex.it\/cms\/we_di_festa\/\"]}]},{\"@type\":\"ImageObject\",\"inLanguage\":\"it-IT\",\"@id\":\"https:\/\/teamtex.it\/cms\/we_di_festa\/#primaryimage\",\"url\":\"https:\/\/teamtex.it\/cms\/wp-content\/uploads\/2024\/12\/21-24_TeamTEX_608x280.jpg\",\"contentUrl\":\"https:\/\/teamtex.it\/cms\/wp-content\/uploads\/2024\/12\/21-24_TeamTEX_608x280.jpg\",\"width\":608,\"height\":280},{\"@type\":\"BreadcrumbList\",\"@id\":\"https:\/\/teamtex.it\/cms\/we_di_festa\/#breadcrumb\",\"itemListElement\":[{\"@type\":\"ListItem\",\"position\":1,\"name\":\"Home\",\"item\":\"https:\/\/teamtex.it\/cms\/\"},{\"@type\":\"ListItem\",\"position\":2,\"name\":\"Un weekend di festa per l&#8217;ASD Team TEX: tra condivisione e riconoscimenti\"}]},{\"@type\":\"WebSite\",\"@id\":\"https:\/\/teamtex.it\/cms\/#website\",\"url\":\"https:\/\/teamtex.it\/cms\/\",\"name\":\"TEAM TEX\",\"description\":\"A.S.D. TEAM TEX\",\"potentialAction\":[{\"@type\":\"SearchAction\",\"target\":{\"@type\":\"EntryPoint\",\"urlTemplate\":\"https:\/\/teamtex.it\/cms\/?s={search_term_string}\"},\"query-input\":{\"@type\":\"PropertyValueSpecification\",\"valueRequired\":true,\"valueName\":\"search_term_string\"}}],\"inLanguage\":\"it-IT\"},{\"@type\":\"Person\",\"@id\":\"https:\/\/teamtex.it\/cms\/#\/schema\/person\/c6de176dbc13e8823f477456eea7b991\",\"name\":\"teamtex\",\"image\":{\"@type\":\"ImageObject\",\"inLanguage\":\"it-IT\",\"@id\":\"https:\/\/teamtex.it\/cms\/#\/schema\/person\/image\/\",\"url\":\"https:\/\/secure.gravatar.com\/avatar\/372a21a9c95239444ec0d17f3042dee8aa8a44f3ac5d5c24c1820b34c8213f8a?s=96&d=mm&r=g\",\"contentUrl\":\"https:\/\/secure.gravatar.com\/avatar\/372a21a9c95239444ec0d17f3042dee8aa8a44f3ac5d5c24c1820b34c8213f8a?s=96&d=mm&r=g\",\"caption\":\"teamtex\"},\"url\":\"https:\/\/teamtex.it\/cms\/author\/teamtex\/\"}]}<\/script>\n<!-- \/ Yoast SEO plugin. -->","yoast_head_json":{"title":"Un weekend di festa per l'ASD Team TEX: tra condivisione e riconoscimenti - TEAM TEX","robots":{"index":"index","follow":"follow","max-snippet":"max-snippet:-1","max-image-preview":"max-image-preview:large","max-video-preview":"max-video-preview:-1"},"canonical":"https:\/\/teamtex.it\/cms\/we_di_festa\/","og_locale":"it_IT","og_type":"article","og_title":"Un weekend di festa per l'ASD Team TEX: tra condivisione e riconoscimenti - TEAM TEX","og_description":"COMUNICATO STAMPA N.22\/2024:\u00a0 Il weekend del\u00a029 e 30 novembre 2024 \u00e8 stato un momento di festa e soddisfazione per l&#8217;A.S.D. Team TEX, segnando la chiusura della stagione con eventi all\u2019insegna","og_url":"https:\/\/teamtex.it\/cms\/we_di_festa\/","og_site_name":"TEAM TEX","article_publisher":"https:\/\/www.facebook.com\/teamTEX.ASD\/","article_published_time":"2024-12-06T23:08:42+00:00","article_modified_time":"2024-12-15T23:20:53+00:00","og_image":[{"width":608,"height":280,"url":"https:\/\/teamtex.it\/cms\/wp-content\/uploads\/2024\/12\/21-24_TeamTEX_608x280.jpg","type":"image\/jpeg"}],"author":"teamtex","twitter_misc":{"Scritto da":"teamtex","Tempo di lettura stimato":"3 minuti"},"schema":{"@context":"https:\/\/schema.org","@graph":[{"@type":"WebPage","@id":"https:\/\/teamtex.it\/cms\/we_di_festa\/","url":"https:\/\/teamtex.it\/cms\/we_di_festa\/","name":"Un weekend di festa per l'ASD Team TEX: tra condivisione e riconoscimenti - TEAM TEX","isPartOf":{"@id":"https:\/\/teamtex.it\/cms\/#website"},"primaryImageOfPage":{"@id":"https:\/\/teamtex.it\/cms\/we_di_festa\/#primaryimage"},"image":{"@id":"https:\/\/teamtex.it\/cms\/we_di_festa\/#primaryimage"},"thumbnailUrl":"https:\/\/teamtex.it\/cms\/wp-content\/uploads\/2024\/12\/21-24_TeamTEX_608x280.jpg","datePublished":"2024-12-06T23:08:42+00:00","dateModified":"2024-12-15T23:20:53+00:00","author":{"@id":"https:\/\/teamtex.it\/cms\/#\/schema\/person\/c6de176dbc13e8823f477456eea7b991"},"breadcrumb":{"@id":"https:\/\/teamtex.it\/cms\/we_di_festa\/#breadcrumb"},"inLanguage":"it-IT","potentialAction":[{"@type":"ReadAction","target":["https:\/\/teamtex.it\/cms\/we_di_festa\/"]}]},{"@type":"ImageObject","inLanguage":"it-IT","@id":"https:\/\/teamtex.it\/cms\/we_di_festa\/#primaryimage","url":"https:\/\/teamtex.it\/cms\/wp-content\/uploads\/2024\/12\/21-24_TeamTEX_608x280.jpg","contentUrl":"https:\/\/teamtex.it\/cms\/wp-content\/uploads\/2024\/12\/21-24_TeamTEX_608x280.jpg","width":608,"height":280},{"@type":"BreadcrumbList","@id":"https:\/\/teamtex.it\/cms\/we_di_festa\/#breadcrumb","itemListElement":[{"@type":"ListItem","position":1,"name":"Home","item":"https:\/\/teamtex.it\/cms\/"},{"@type":"ListItem","position":2,"name":"Un weekend di festa per l&#8217;ASD Team TEX: tra condivisione e riconoscimenti"}]},{"@type":"WebSite","@id":"https:\/\/teamtex.it\/cms\/#website","url":"https:\/\/teamtex.it\/cms\/","name":"TEAM TEX","description":"A.S.D. TEAM TEX","potentialAction":[{"@type":"SearchAction","target":{"@type":"EntryPoint","urlTemplate":"https:\/\/teamtex.it\/cms\/?s={search_term_string}"},"query-input":{"@type":"PropertyValueSpecification","valueRequired":true,"valueName":"search_term_string"}}],"inLanguage":"it-IT"},{"@type":"Person","@id":"https:\/\/teamtex.it\/cms\/#\/schema\/person\/c6de176dbc13e8823f477456eea7b991","name":"teamtex","image":{"@type":"ImageObject","inLanguage":"it-IT","@id":"https:\/\/teamtex.it\/cms\/#\/schema\/person\/image\/","url":"https:\/\/secure.gravatar.com\/avatar\/372a21a9c95239444ec0d17f3042dee8aa8a44f3ac5d5c24c1820b34c8213f8a?s=96&d=mm&r=g","contentUrl":"https:\/\/secure.gravatar.com\/avatar\/372a21a9c95239444ec0d17f3042dee8aa8a44f3ac5d5c24c1820b34c8213f8a?s=96&d=mm&r=g","caption":"teamtex"},"url":"https:\/\/teamtex.it\/cms\/author\/teamtex\/"}]}},"_links":{"self":[{"href":"https:\/\/teamtex.it\/cms\/wp-json\/wp\/v2\/posts\/4035","targetHints":{"allow":["GET"]}}],"collection":[{"href":"https:\/\/teamtex.it\/cms\/wp-json\/wp\/v2\/posts"}],"about":[{"href":"https:\/\/teamtex.it\/cms\/wp-json\/wp\/v2\/types\/post"}],"author":[{"embeddable":true,"href":"https:\/\/teamtex.it\/cms\/wp-json\/wp\/v2\/users\/3"}],"replies":[{"embeddable":true,"href":"https:\/\/teamtex.it\/cms\/wp-json\/wp\/v2\/comments?post=4035"}],"version-history":[{"count":1,"href":"https:\/\/teamtex.it\/cms\/wp-json\/wp\/v2\/posts\/4035\/revisions"}],"predecessor-version":[{"id":4039,"href":"https:\/\/teamtex.it\/cms\/wp-json\/wp\/v2\/posts\/4035\/revisions\/4039"}],"wp:featuredmedia":[{"embeddable":true,"href":"https:\/\/teamtex.it\/cms\/wp-json\/wp\/v2\/media\/4038"}],"wp:attachment":[{"href":"https:\/\/teamtex.it\/cms\/wp-json\/wp\/v2\/media?parent=4035"}],"wp:term":[{"taxonomy":"category","embeddable":true,"href":"https:\/\/teamtex.it\/cms\/wp-json\/wp\/v2\/categories?post=4035"},{"taxonomy":"post_tag","embeddable":true,"href":"https:\/\/teamtex.it\/cms\/wp-json\/wp\/v2\/tags?post=4035"}],"curies":[{"name":"wp","href":"https:\/\/api.w.org\/{rel}","templated":true}]}}