{"id":3111,"date":"2022-09-23T08:00:38","date_gmt":"2022-09-23T06:00:38","guid":{"rendered":"https:\/\/teamtex.it\/cms\/?p=3111"},"modified":"2023-02-17T23:58:32","modified_gmt":"2023-02-17T22:58:32","slug":"leveresting-di-marossi-federico","status":"publish","type":"post","link":"https:\/\/teamtex.it\/cms\/leveresting-di-marossi-federico\/","title":{"rendered":"L&#8217;EVERESTing di Marossi Federico"},"content":{"rendered":"<div>\n<div>\n<div dir=\"auto\">\n<div style=\"text-align: left;\">\n<div dir=\"auto\">\n<p>I nostri atelti e cicloamatori ci hanno regalato <strong><em>grandi emozioni<\/em><\/strong> per le loro piccole, grandi imprese sui pedali; dalla pi\u00f9 breve ma intensa e ripida d&#8217;Italia (max 34%) la cronoscalata in mountain-bike <em>&#8220;km verso il blu&#8221;<\/em> a Predore, alla regina delle corse in mountain bike la <em>\u201cHERO SELLARONDA\u201d<\/em> in Val Gardena.<br \/>\nCi siamo entusiasmati per i traguardi raggiunti nelle <strong>Granfondo<\/strong> pi\u00f9 prestigiose: &#8220;la Nove Colli&#8221;, la &#8220;Felice Gimondi&#8221;, la \u201cGF Cunego Mortirolo e Gavia\u201d, la \u201cGF Charly Gaul-Trento\u201d solo per citarne alcune, per poi non dimenticare le lunghe cavalcate in sella ad una bicicletta: le &#8220;randonee&#8221;, tra cui la 400 km alla \u201cValsugana\u201d, 600 Km alla \u201cDolimiti\u201d e pi\u00f9 di 1200 Km alla mitica <strong>&#8220;Parigi-Brest-Parigi&#8221;<\/strong>, ma mai avevamo provato a raggiungere la vetta dell&#8217;Everest.<br \/>\nIl 17 settembre il nostro atleta <strong>Federico Marossi<\/strong> classe 1983 categori Elite sport, ha effettuando un <strong>&#8220;Everesting&#8221;<\/strong>, cos\u00ec \u00e8 nominata l&#8217;impresa che consiste nel percorrere consecutivamente una salita fino a raggiungere il dislivello dell&#8217;Everest.<br \/>\n<strong>Marossi<\/strong> ha infatti scalato per ben 20 volte la salita dell&#8217;Alpe del Vicer\u00e8 dal versante di Albavilla (Como). Partendo da una quota di 452 mslm percorrendo 5600 metri per raggiungere la vetta in quota 925 mslm per ben 20 volte consecutive superano cos\u00ec il dislivello di <strong>8848 m.s.l.m.<\/strong> portando la maglia del Team TEX A.S.D. sulla vetta pi\u00f9 alta del mondo.<br \/>\nUna bellissima salita molto impegnativa quella scelta da Federico per il suo Everesting: dal centro di Albavilla, subito dopo circa 700 m si inerpica e propone 300 metri al 11,3% proseguendo si mantiene su pendenze impegnative fino al terzo chilometro dove si affronta la pendenza massima; circa il 12% per circa 100 metri, per poi continuare su pendenze pi\u00f9 pedalabili fino all&#8217;arrivo, ma percorrerla per ben 20 volte consecutive \u00e8 un impresa che \u00e8 riuscita a pochi.<br \/>\n<strong>Valerio Tebaldi<\/strong> con la nostra presidentessa <strong>Frederyca Valero<\/strong> e tutto il team si complimentano con Federico Marossi per questa incredibile impresa che ci rende orgogliosi!<br \/>\nRimanete in contatto con noi sulla pagina Facebook @teamTEX.ASD per leggere aneddoti e curiosit\u00e0 sulla nostra passione e il nuovo profilo Instagram @teamtex dove troverete le nostre pi\u00f9 belle immagini pi\u00f9 sui pedali!<\/p>\n<\/div>\n<\/div>\n<\/div>\n<\/div>\n<div>\n<div>\n<div dir=\"auto\">\n<div dir=\"auto\"><strong>#IoVadoInBici<\/strong><br \/>\n<strong><strong><strong><strong>#teamtex<\/strong><\/strong><\/strong><\/strong><\/div>\n<div dir=\"auto\"><\/div>\n<div dir=\"auto\"><\/div>\n<div dir=\"auto\"><b><a href=\"https:\/\/teamtex.it\/cms\/sponsor-2022\/\" target=\"_blank\" rel=\"noopener\" data-saferedirecturl=\"https:\/\/www.google.com\/url?q=https:\/\/teamtex.it\/cms\/sponsor-2020\/&amp;source=gmail&amp;ust=1611481181566000&amp;usg=AFQjCNF5NZUw1T1Fd8kTxsteJINVX4sfqQ\">&gt;&gt; Conosci i nostri sponsor 2022<\/a><\/b><\/div>\n<\/div>\n<\/div>\n<div><\/div>\n<\/div>\n<div><b><a href=\"https:\/\/www.instagram.com\/teamtex\/\" target=\"_blank\" rel=\"noopener\" data-saferedirecturl=\"https:\/\/www.google.com\/url?q=https:\/\/www.instagram.com\/teamtex\/&amp;source=gmail&amp;ust=1611481181566000&amp;usg=AFQjCNHr0HQoFb6tUqByh7wyc9kzmnYUiQ\">&gt;&gt; Visita il nostro profilo Instagram !<\/a><\/b><\/div>\n<div>\n<div><\/div>\n<div><a href=\"https:\/\/www.facebook.com\/teamTEX.ASD\/\" target=\"_blank\" rel=\"noopener\" data-saferedirecturl=\"https:\/\/www.google.com\/url?q=https:\/\/www.facebook.com\/teamTEX.ASD\/&amp;source=gmail&amp;ust=1611481181566000&amp;usg=AFQjCNGBF9R-D661iFcUrxtOMej52j-H7g\"><b>&gt;&gt; Visita la nostra pagina facebook !<\/b><\/a><\/div>\n<div><\/div>\n<div><\/div>\n<div><b class=\"first-child\"><span class=\"last-child first-child\">A.<\/span><\/b><b class=\"last-child\"><span class=\"last-child first-child\">S.D. Team TEX, v<\/span><\/b><span class=\"last-child first-child\"><b class=\"last-child first-child\">ia Brigata Lupi di Toscana, 15 Chiuduno (Bg)<\/b><\/span><\/div>\n<\/div>\n<\/div>\n<p><span class=\"first-child\"><b class=\"last-child first-child\"><a class=\"last-child first-child\" href=\"mailto:ufficiostampa.teamtex@gmail.com\" target=\"_blank\" rel=\"noopener noreferrer\" data-slimstat=\"5\">ufficiostampa.teamtex@<wbr class=\"last-child first-child\" \/>gmail.com<\/a><\/b><\/span><\/p>\n","protected":false},"excerpt":{"rendered":"<p>I nostri atelti e cicloamatori ci hanno regalato grandi emozioni per le loro piccole, grandi imprese sui pedali; dalla pi\u00f9 breve ma intensa e ripida d&#8217;Italia (max 34%) la cronoscalata<\/p>\n","protected":false},"author":3,"featured_media":3112,"comment_status":"closed","ping_status":"closed","sticky":false,"template":"","format":"standard","meta":{"footnotes":""},"categories":[82,88,15],"tags":[85,37,73,60,53,25,89,58,59],"class_list":["post-3111","post","type-post","status-publish","format-standard","has-post-thumbnail","hentry","category-amatori","category-randonee","category-team-tex","tag-bikers","tag-ciclismo","tag-cicloamatori","tag-cyclingteam","tag-inlombardia","tag-randonee","tag-randoneedelcuore","tag-teamtex","tag-texraiders"],"yoast_head":"<!-- This site is optimized with the Yoast SEO plugin v25.9 - https:\/\/yoast.com\/wordpress\/plugins\/seo\/ -->\n<title>L&#039;EVERESTing di Marossi Federico - TEAM TEX<\/title>\n<meta name=\"robots\" content=\"index, follow, max-snippet:-1, max-image-preview:large, max-video-preview:-1\" \/>\n<link rel=\"canonical\" href=\"https:\/\/teamtex.it\/cms\/leveresting-di-marossi-federico\/\" \/>\n<meta property=\"og:locale\" content=\"it_IT\" \/>\n<meta property=\"og:type\" content=\"article\" \/>\n<meta property=\"og:title\" content=\"L&#039;EVERESTing di Marossi Federico - TEAM TEX\" \/>\n<meta property=\"og:description\" content=\"I nostri atelti e cicloamatori ci hanno regalato grandi emozioni per le loro piccole, grandi imprese sui pedali; dalla pi\u00f9 breve ma intensa e ripida d&#8217;Italia (max 34%) la cronoscalata\" \/>\n<meta property=\"og:url\" content=\"https:\/\/teamtex.it\/cms\/leveresting-di-marossi-federico\/\" \/>\n<meta property=\"og:site_name\" content=\"TEAM TEX\" \/>\n<meta property=\"article:publisher\" content=\"https:\/\/www.facebook.com\/teamTEX.ASD\/\" \/>\n<meta property=\"article:published_time\" content=\"2022-09-23T06:00:38+00:00\" \/>\n<meta property=\"article:modified_time\" content=\"2023-02-17T22:58:32+00:00\" \/>\n<meta property=\"og:image\" content=\"https:\/\/teamtex.it\/cms\/wp-content\/uploads\/2023\/02\/TeamTEX_10-22-ok.jpg\" \/>\n\t<meta property=\"og:image:width\" content=\"608\" \/>\n\t<meta property=\"og:image:height\" content=\"280\" \/>\n\t<meta property=\"og:image:type\" content=\"image\/jpeg\" \/>\n<meta name=\"author\" content=\"teamtex\" \/>\n<meta name=\"twitter:label1\" content=\"Scritto da\" \/>\n\t<meta name=\"twitter:data1\" content=\"teamtex\" \/>\n\t<meta name=\"twitter:label2\" content=\"Tempo di lettura stimato\" \/>\n\t<meta name=\"twitter:data2\" content=\"3 minuti\" \/>\n<script type=\"application\/ld+json\" class=\"yoast-schema-graph\">{\"@context\":\"https:\/\/schema.org\",\"@graph\":[{\"@type\":\"WebPage\",\"@id\":\"https:\/\/teamtex.it\/cms\/leveresting-di-marossi-federico\/\",\"url\":\"https:\/\/teamtex.it\/cms\/leveresting-di-marossi-federico\/\",\"name\":\"L'EVERESTing di Marossi Federico - TEAM TEX\",\"isPartOf\":{\"@id\":\"https:\/\/teamtex.it\/cms\/#website\"},\"primaryImageOfPage\":{\"@id\":\"https:\/\/teamtex.it\/cms\/leveresting-di-marossi-federico\/#primaryimage\"},\"image\":{\"@id\":\"https:\/\/teamtex.it\/cms\/leveresting-di-marossi-federico\/#primaryimage\"},\"thumbnailUrl\":\"https:\/\/teamtex.it\/cms\/wp-content\/uploads\/2023\/02\/TeamTEX_10-22-ok.jpg\",\"datePublished\":\"2022-09-23T06:00:38+00:00\",\"dateModified\":\"2023-02-17T22:58:32+00:00\",\"author\":{\"@id\":\"https:\/\/teamtex.it\/cms\/#\/schema\/person\/c6de176dbc13e8823f477456eea7b991\"},\"breadcrumb\":{\"@id\":\"https:\/\/teamtex.it\/cms\/leveresting-di-marossi-federico\/#breadcrumb\"},\"inLanguage\":\"it-IT\",\"potentialAction\":[{\"@type\":\"ReadAction\",\"target\":[\"https:\/\/teamtex.it\/cms\/leveresting-di-marossi-federico\/\"]}]},{\"@type\":\"ImageObject\",\"inLanguage\":\"it-IT\",\"@id\":\"https:\/\/teamtex.it\/cms\/leveresting-di-marossi-federico\/#primaryimage\",\"url\":\"https:\/\/teamtex.it\/cms\/wp-content\/uploads\/2023\/02\/TeamTEX_10-22-ok.jpg\",\"contentUrl\":\"https:\/\/teamtex.it\/cms\/wp-content\/uploads\/2023\/02\/TeamTEX_10-22-ok.jpg\",\"width\":608,\"height\":280},{\"@type\":\"BreadcrumbList\",\"@id\":\"https:\/\/teamtex.it\/cms\/leveresting-di-marossi-federico\/#breadcrumb\",\"itemListElement\":[{\"@type\":\"ListItem\",\"position\":1,\"name\":\"Home\",\"item\":\"https:\/\/teamtex.it\/cms\/\"},{\"@type\":\"ListItem\",\"position\":2,\"name\":\"L&#8217;EVERESTing di Marossi Federico\"}]},{\"@type\":\"WebSite\",\"@id\":\"https:\/\/teamtex.it\/cms\/#website\",\"url\":\"https:\/\/teamtex.it\/cms\/\",\"name\":\"TEAM TEX\",\"description\":\"A.S.D. TEAM TEX\",\"potentialAction\":[{\"@type\":\"SearchAction\",\"target\":{\"@type\":\"EntryPoint\",\"urlTemplate\":\"https:\/\/teamtex.it\/cms\/?s={search_term_string}\"},\"query-input\":{\"@type\":\"PropertyValueSpecification\",\"valueRequired\":true,\"valueName\":\"search_term_string\"}}],\"inLanguage\":\"it-IT\"},{\"@type\":\"Person\",\"@id\":\"https:\/\/teamtex.it\/cms\/#\/schema\/person\/c6de176dbc13e8823f477456eea7b991\",\"name\":\"teamtex\",\"image\":{\"@type\":\"ImageObject\",\"inLanguage\":\"it-IT\",\"@id\":\"https:\/\/teamtex.it\/cms\/#\/schema\/person\/image\/\",\"url\":\"https:\/\/secure.gravatar.com\/avatar\/372a21a9c95239444ec0d17f3042dee8aa8a44f3ac5d5c24c1820b34c8213f8a?s=96&d=mm&r=g\",\"contentUrl\":\"https:\/\/secure.gravatar.com\/avatar\/372a21a9c95239444ec0d17f3042dee8aa8a44f3ac5d5c24c1820b34c8213f8a?s=96&d=mm&r=g\",\"caption\":\"teamtex\"},\"url\":\"https:\/\/teamtex.it\/cms\/author\/teamtex\/\"}]}<\/script>\n<!-- \/ Yoast SEO plugin. -->","yoast_head_json":{"title":"L'EVERESTing di Marossi Federico - TEAM TEX","robots":{"index":"index","follow":"follow","max-snippet":"max-snippet:-1","max-image-preview":"max-image-preview:large","max-video-preview":"max-video-preview:-1"},"canonical":"https:\/\/teamtex.it\/cms\/leveresting-di-marossi-federico\/","og_locale":"it_IT","og_type":"article","og_title":"L'EVERESTing di Marossi Federico - TEAM TEX","og_description":"I nostri atelti e cicloamatori ci hanno regalato grandi emozioni per le loro piccole, grandi imprese sui pedali; dalla pi\u00f9 breve ma intensa e ripida d&#8217;Italia (max 34%) la cronoscalata","og_url":"https:\/\/teamtex.it\/cms\/leveresting-di-marossi-federico\/","og_site_name":"TEAM TEX","article_publisher":"https:\/\/www.facebook.com\/teamTEX.ASD\/","article_published_time":"2022-09-23T06:00:38+00:00","article_modified_time":"2023-02-17T22:58:32+00:00","og_image":[{"width":608,"height":280,"url":"https:\/\/teamtex.it\/cms\/wp-content\/uploads\/2023\/02\/TeamTEX_10-22-ok.jpg","type":"image\/jpeg"}],"author":"teamtex","twitter_misc":{"Scritto da":"teamtex","Tempo di lettura stimato":"3 minuti"},"schema":{"@context":"https:\/\/schema.org","@graph":[{"@type":"WebPage","@id":"https:\/\/teamtex.it\/cms\/leveresting-di-marossi-federico\/","url":"https:\/\/teamtex.it\/cms\/leveresting-di-marossi-federico\/","name":"L'EVERESTing di Marossi Federico - TEAM TEX","isPartOf":{"@id":"https:\/\/teamtex.it\/cms\/#website"},"primaryImageOfPage":{"@id":"https:\/\/teamtex.it\/cms\/leveresting-di-marossi-federico\/#primaryimage"},"image":{"@id":"https:\/\/teamtex.it\/cms\/leveresting-di-marossi-federico\/#primaryimage"},"thumbnailUrl":"https:\/\/teamtex.it\/cms\/wp-content\/uploads\/2023\/02\/TeamTEX_10-22-ok.jpg","datePublished":"2022-09-23T06:00:38+00:00","dateModified":"2023-02-17T22:58:32+00:00","author":{"@id":"https:\/\/teamtex.it\/cms\/#\/schema\/person\/c6de176dbc13e8823f477456eea7b991"},"breadcrumb":{"@id":"https:\/\/teamtex.it\/cms\/leveresting-di-marossi-federico\/#breadcrumb"},"inLanguage":"it-IT","potentialAction":[{"@type":"ReadAction","target":["https:\/\/teamtex.it\/cms\/leveresting-di-marossi-federico\/"]}]},{"@type":"ImageObject","inLanguage":"it-IT","@id":"https:\/\/teamtex.it\/cms\/leveresting-di-marossi-federico\/#primaryimage","url":"https:\/\/teamtex.it\/cms\/wp-content\/uploads\/2023\/02\/TeamTEX_10-22-ok.jpg","contentUrl":"https:\/\/teamtex.it\/cms\/wp-content\/uploads\/2023\/02\/TeamTEX_10-22-ok.jpg","width":608,"height":280},{"@type":"BreadcrumbList","@id":"https:\/\/teamtex.it\/cms\/leveresting-di-marossi-federico\/#breadcrumb","itemListElement":[{"@type":"ListItem","position":1,"name":"Home","item":"https:\/\/teamtex.it\/cms\/"},{"@type":"ListItem","position":2,"name":"L&#8217;EVERESTing di Marossi Federico"}]},{"@type":"WebSite","@id":"https:\/\/teamtex.it\/cms\/#website","url":"https:\/\/teamtex.it\/cms\/","name":"TEAM TEX","description":"A.S.D. TEAM TEX","potentialAction":[{"@type":"SearchAction","target":{"@type":"EntryPoint","urlTemplate":"https:\/\/teamtex.it\/cms\/?s={search_term_string}"},"query-input":{"@type":"PropertyValueSpecification","valueRequired":true,"valueName":"search_term_string"}}],"inLanguage":"it-IT"},{"@type":"Person","@id":"https:\/\/teamtex.it\/cms\/#\/schema\/person\/c6de176dbc13e8823f477456eea7b991","name":"teamtex","image":{"@type":"ImageObject","inLanguage":"it-IT","@id":"https:\/\/teamtex.it\/cms\/#\/schema\/person\/image\/","url":"https:\/\/secure.gravatar.com\/avatar\/372a21a9c95239444ec0d17f3042dee8aa8a44f3ac5d5c24c1820b34c8213f8a?s=96&d=mm&r=g","contentUrl":"https:\/\/secure.gravatar.com\/avatar\/372a21a9c95239444ec0d17f3042dee8aa8a44f3ac5d5c24c1820b34c8213f8a?s=96&d=mm&r=g","caption":"teamtex"},"url":"https:\/\/teamtex.it\/cms\/author\/teamtex\/"}]}},"_links":{"self":[{"href":"https:\/\/teamtex.it\/cms\/wp-json\/wp\/v2\/posts\/3111","targetHints":{"allow":["GET"]}}],"collection":[{"href":"https:\/\/teamtex.it\/cms\/wp-json\/wp\/v2\/posts"}],"about":[{"href":"https:\/\/teamtex.it\/cms\/wp-json\/wp\/v2\/types\/post"}],"author":[{"embeddable":true,"href":"https:\/\/teamtex.it\/cms\/wp-json\/wp\/v2\/users\/3"}],"replies":[{"embeddable":true,"href":"https:\/\/teamtex.it\/cms\/wp-json\/wp\/v2\/comments?post=3111"}],"version-history":[{"count":4,"href":"https:\/\/teamtex.it\/cms\/wp-json\/wp\/v2\/posts\/3111\/revisions"}],"predecessor-version":[{"id":3126,"href":"https:\/\/teamtex.it\/cms\/wp-json\/wp\/v2\/posts\/3111\/revisions\/3126"}],"wp:featuredmedia":[{"embeddable":true,"href":"https:\/\/teamtex.it\/cms\/wp-json\/wp\/v2\/media\/3112"}],"wp:attachment":[{"href":"https:\/\/teamtex.it\/cms\/wp-json\/wp\/v2\/media?parent=3111"}],"wp:term":[{"taxonomy":"category","embeddable":true,"href":"https:\/\/teamtex.it\/cms\/wp-json\/wp\/v2\/categories?post=3111"},{"taxonomy":"post_tag","embeddable":true,"href":"https:\/\/teamtex.it\/cms\/wp-json\/wp\/v2\/tags?post=3111"}],"curies":[{"name":"wp","href":"https:\/\/api.w.org\/{rel}","templated":true}]}}