{"id":3102,"date":"2022-11-04T08:30:08","date_gmt":"2022-11-04T07:30:08","guid":{"rendered":"https:\/\/teamtex.it\/cms\/?p=3102"},"modified":"2023-02-17T23:57:30","modified_gmt":"2023-02-17T22:57:30","slug":"si-pedala","status":"publish","type":"post","link":"https:\/\/teamtex.it\/cms\/si-pedala\/","title":{"rendered":"Si pedala anche con le rigide temperature"},"content":{"rendered":"<div>\n<div>\n<div dir=\"auto\">\n<div style=\"text-align: left;\">\n<div dir=\"auto\">\n<p>La stagione era gi\u00e0 in corso, ma <strong>Nicola Raineri<\/strong>, grazie alla grande passione per il ciclismo, con la sua azienda<strong> RAINER HOME<\/strong>, ha deciso di supportate il nostro team, diventando ufficialmente <strong>sponsor dell&#8217;A.S.D. Team TEX<\/strong> per l&#8217;anno <strong>2022<\/strong>.<br \/>\n<em>La <strong>RAINER HOM<\/strong><\/em><strong>E<\/strong> si occupa della progettazione e realizzazione di pavimentazioni in LVT, linoleum, gomma, parquet e moquette; A richiesta del cliente realizza tendaggi in materiale ignifugo, fonoassorbente e tende tecniche ed oscuranti per l&#8217;arredamento di ogni soluzione abitativa e commerciale, coniugando lo stile ed il design con l&#8217;efficienza tecnica propria del materiale impiegato nella realizzazione.<br \/>\nPer celebrare questo nuovo importante inserimento tra i nostri sponsor, abbiamo ideato un completo invernale con i nostri colori sociali: il giallo e il nero. Abbiamo, come sempre, affidato la realizzazione alla professionalit\u00e0 di <strong>@rosti.it<\/strong> , fornitore ufficiale di team <strong>UCI World Tour<\/strong>, che ha utilizzato materiali tecnici di prima qualit\u00e0, per consentire ai nostri tesserati di indossare completo permettendogli il massimo comfort anche alle rigide temperature della stagione invernale.<br \/>\nOltre al logo di <strong>RAINER HOME<\/strong> sul completo invernale \u00e8 presente anche il logo di <strong>RIECO Office Solution<\/strong> del nostro tesserato Finazzi Giovanni. Grande appassionato, Finazzi Giovanni quando non \u00e8 impegnato nella sua attivit\u00e0 a Castelli Calepio (BG) per soddisfare le esigenze che dei suoi clienti, sia per l&#8217;arredo dell&#8217;ufficio, sia per informatica hardware ed assistenza tecnica, \u00e8 sovente in sella alla sua bicicletta, in ogni stagione dell&#8217;anno.<br \/>\nSul retro del giubbino invernale Team TEX, sempre presente anche il logo 1,5 m per il sorpasso di un ciclista, ideato dall&#8217;Associazione Corridori Ciclisti Professionisti, per sensibilizzare le persone sul tema della violenza stradale, perch\u00e8 il rispetto e la sicurezza devono essere alla base di qualsiasi attivit\u00e0 e societ\u00e0 civile.<br \/>\nI nostri atleti e cicloamatori pedalano anche nella stagione invernale, prediligendo uscite in mountain-bike e gravel, ma anche con la classica bici da corsa; come la domenica mattina per un gruppetto di TEXani \u00e8 diventato &#8220;un appuntamento fisso&#8221; l&#8217;uscita con partenza dalla sede del Team e destinazione lago d&#8217;Iseo.<br \/>\nNon perdetevi le nostre ruote social: il profilo Instagram @teamtex e pagina Facebook @teamTEX.ASD !<\/p>\n<\/div>\n<\/div>\n<\/div>\n<\/div>\n<div>\n<div>\n<div dir=\"auto\">\n<div dir=\"auto\"><strong>#IoVadoInBici<\/strong><br \/>\n<strong><strong><strong><strong>#teamtex<\/strong><\/strong><\/strong><\/strong><\/div>\n<div dir=\"auto\"><\/div>\n<div dir=\"auto\"><\/div>\n<div dir=\"auto\"><b><a href=\"https:\/\/teamtex.it\/cms\/sponsor-2022\/\" target=\"_blank\" rel=\"noopener\" data-saferedirecturl=\"https:\/\/www.google.com\/url?q=https:\/\/teamtex.it\/cms\/sponsor-2020\/&amp;source=gmail&amp;ust=1611481181566000&amp;usg=AFQjCNF5NZUw1T1Fd8kTxsteJINVX4sfqQ\">&gt;&gt; Conosci i nostri sponsor 2022<\/a><\/b><\/div>\n<\/div>\n<\/div>\n<div><\/div>\n<\/div>\n<div><b><a href=\"https:\/\/www.instagram.com\/teamtex\/\" target=\"_blank\" rel=\"noopener\" data-saferedirecturl=\"https:\/\/www.google.com\/url?q=https:\/\/www.instagram.com\/teamtex\/&amp;source=gmail&amp;ust=1611481181566000&amp;usg=AFQjCNHr0HQoFb6tUqByh7wyc9kzmnYUiQ\">&gt;&gt; Visita il nostro profilo Instagram !<\/a><\/b><\/div>\n<div>\n<div><\/div>\n<div><a href=\"https:\/\/www.facebook.com\/teamTEX.ASD\/\" target=\"_blank\" rel=\"noopener\" data-saferedirecturl=\"https:\/\/www.google.com\/url?q=https:\/\/www.facebook.com\/teamTEX.ASD\/&amp;source=gmail&amp;ust=1611481181566000&amp;usg=AFQjCNGBF9R-D661iFcUrxtOMej52j-H7g\"><b>&gt;&gt; Visita la nostra pagina facebook !<\/b><\/a><\/div>\n<div><\/div>\n<div><\/div>\n<div><b class=\"first-child\"><span class=\"last-child first-child\">A.<\/span><\/b><b class=\"last-child\"><span class=\"last-child first-child\">S.D. Team TEX, v<\/span><\/b><span class=\"last-child first-child\"><b class=\"last-child first-child\">ia Brigata Lupi di Toscana, 15 Chiuduno (Bg)<\/b><\/span><\/div>\n<\/div>\n<\/div>\n<p><span class=\"first-child\"><b class=\"last-child first-child\"><a class=\"last-child first-child\" href=\"mailto:ufficiostampa.teamtex@gmail.com\" target=\"_blank\" rel=\"noopener noreferrer\" data-slimstat=\"5\">ufficiostampa.teamtex@<wbr class=\"last-child first-child\" \/>gmail.com<\/a><\/b><\/span><\/p>\n","protected":false},"excerpt":{"rendered":"<p>La stagione era gi\u00e0 in corso, ma Nicola Raineri, grazie alla grande passione per il ciclismo, con la sua azienda RAINER HOME, ha deciso di supportate il nostro team, diventando<\/p>\n","protected":false},"author":3,"featured_media":3103,"comment_status":"closed","ping_status":"closed","sticky":false,"template":"","format":"standard","meta":{"footnotes":""},"categories":[82,88,15],"tags":[85,37,73,60,53,25,89,58,59],"class_list":["post-3102","post","type-post","status-publish","format-standard","has-post-thumbnail","hentry","category-amatori","category-randonee","category-team-tex","tag-bikers","tag-ciclismo","tag-cicloamatori","tag-cyclingteam","tag-inlombardia","tag-randonee","tag-randoneedelcuore","tag-teamtex","tag-texraiders"],"yoast_head":"<!-- This site is optimized with the Yoast SEO plugin v25.9 - https:\/\/yoast.com\/wordpress\/plugins\/seo\/ -->\n<title>Si pedala anche con le rigide temperature - TEAM TEX<\/title>\n<meta name=\"robots\" content=\"index, follow, max-snippet:-1, max-image-preview:large, max-video-preview:-1\" \/>\n<link rel=\"canonical\" href=\"https:\/\/teamtex.it\/cms\/si-pedala\/\" \/>\n<meta property=\"og:locale\" content=\"it_IT\" \/>\n<meta property=\"og:type\" content=\"article\" \/>\n<meta property=\"og:title\" content=\"Si pedala anche con le rigide temperature - TEAM TEX\" \/>\n<meta property=\"og:description\" content=\"La stagione era gi\u00e0 in corso, ma Nicola Raineri, grazie alla grande passione per il ciclismo, con la sua azienda RAINER HOME, ha deciso di supportate il nostro team, diventando\" \/>\n<meta property=\"og:url\" content=\"https:\/\/teamtex.it\/cms\/si-pedala\/\" \/>\n<meta property=\"og:site_name\" content=\"TEAM TEX\" \/>\n<meta property=\"article:publisher\" content=\"https:\/\/www.facebook.com\/teamTEX.ASD\/\" \/>\n<meta property=\"article:published_time\" content=\"2022-11-04T07:30:08+00:00\" \/>\n<meta property=\"article:modified_time\" content=\"2023-02-17T22:57:30+00:00\" \/>\n<meta property=\"og:image\" content=\"https:\/\/teamtex.it\/cms\/wp-content\/uploads\/2023\/02\/TeamTEX_11-22-ok.jpg\" \/>\n\t<meta property=\"og:image:width\" content=\"608\" \/>\n\t<meta property=\"og:image:height\" content=\"280\" \/>\n\t<meta property=\"og:image:type\" content=\"image\/jpeg\" \/>\n<meta name=\"author\" content=\"teamtex\" \/>\n<meta name=\"twitter:label1\" content=\"Scritto da\" \/>\n\t<meta name=\"twitter:data1\" content=\"teamtex\" \/>\n\t<meta name=\"twitter:label2\" content=\"Tempo di lettura stimato\" \/>\n\t<meta name=\"twitter:data2\" content=\"3 minuti\" \/>\n<script type=\"application\/ld+json\" class=\"yoast-schema-graph\">{\"@context\":\"https:\/\/schema.org\",\"@graph\":[{\"@type\":\"WebPage\",\"@id\":\"https:\/\/teamtex.it\/cms\/si-pedala\/\",\"url\":\"https:\/\/teamtex.it\/cms\/si-pedala\/\",\"name\":\"Si pedala anche con le rigide temperature - TEAM TEX\",\"isPartOf\":{\"@id\":\"https:\/\/teamtex.it\/cms\/#website\"},\"primaryImageOfPage\":{\"@id\":\"https:\/\/teamtex.it\/cms\/si-pedala\/#primaryimage\"},\"image\":{\"@id\":\"https:\/\/teamtex.it\/cms\/si-pedala\/#primaryimage\"},\"thumbnailUrl\":\"https:\/\/teamtex.it\/cms\/wp-content\/uploads\/2023\/02\/TeamTEX_11-22-ok.jpg\",\"datePublished\":\"2022-11-04T07:30:08+00:00\",\"dateModified\":\"2023-02-17T22:57:30+00:00\",\"author\":{\"@id\":\"https:\/\/teamtex.it\/cms\/#\/schema\/person\/c6de176dbc13e8823f477456eea7b991\"},\"breadcrumb\":{\"@id\":\"https:\/\/teamtex.it\/cms\/si-pedala\/#breadcrumb\"},\"inLanguage\":\"it-IT\",\"potentialAction\":[{\"@type\":\"ReadAction\",\"target\":[\"https:\/\/teamtex.it\/cms\/si-pedala\/\"]}]},{\"@type\":\"ImageObject\",\"inLanguage\":\"it-IT\",\"@id\":\"https:\/\/teamtex.it\/cms\/si-pedala\/#primaryimage\",\"url\":\"https:\/\/teamtex.it\/cms\/wp-content\/uploads\/2023\/02\/TeamTEX_11-22-ok.jpg\",\"contentUrl\":\"https:\/\/teamtex.it\/cms\/wp-content\/uploads\/2023\/02\/TeamTEX_11-22-ok.jpg\",\"width\":608,\"height\":280},{\"@type\":\"BreadcrumbList\",\"@id\":\"https:\/\/teamtex.it\/cms\/si-pedala\/#breadcrumb\",\"itemListElement\":[{\"@type\":\"ListItem\",\"position\":1,\"name\":\"Home\",\"item\":\"https:\/\/teamtex.it\/cms\/\"},{\"@type\":\"ListItem\",\"position\":2,\"name\":\"Si pedala anche con le rigide temperature\"}]},{\"@type\":\"WebSite\",\"@id\":\"https:\/\/teamtex.it\/cms\/#website\",\"url\":\"https:\/\/teamtex.it\/cms\/\",\"name\":\"TEAM TEX\",\"description\":\"A.S.D. TEAM TEX\",\"potentialAction\":[{\"@type\":\"SearchAction\",\"target\":{\"@type\":\"EntryPoint\",\"urlTemplate\":\"https:\/\/teamtex.it\/cms\/?s={search_term_string}\"},\"query-input\":{\"@type\":\"PropertyValueSpecification\",\"valueRequired\":true,\"valueName\":\"search_term_string\"}}],\"inLanguage\":\"it-IT\"},{\"@type\":\"Person\",\"@id\":\"https:\/\/teamtex.it\/cms\/#\/schema\/person\/c6de176dbc13e8823f477456eea7b991\",\"name\":\"teamtex\",\"image\":{\"@type\":\"ImageObject\",\"inLanguage\":\"it-IT\",\"@id\":\"https:\/\/teamtex.it\/cms\/#\/schema\/person\/image\/\",\"url\":\"https:\/\/secure.gravatar.com\/avatar\/372a21a9c95239444ec0d17f3042dee8aa8a44f3ac5d5c24c1820b34c8213f8a?s=96&d=mm&r=g\",\"contentUrl\":\"https:\/\/secure.gravatar.com\/avatar\/372a21a9c95239444ec0d17f3042dee8aa8a44f3ac5d5c24c1820b34c8213f8a?s=96&d=mm&r=g\",\"caption\":\"teamtex\"},\"url\":\"https:\/\/teamtex.it\/cms\/author\/teamtex\/\"}]}<\/script>\n<!-- \/ Yoast SEO plugin. -->","yoast_head_json":{"title":"Si pedala anche con le rigide temperature - TEAM TEX","robots":{"index":"index","follow":"follow","max-snippet":"max-snippet:-1","max-image-preview":"max-image-preview:large","max-video-preview":"max-video-preview:-1"},"canonical":"https:\/\/teamtex.it\/cms\/si-pedala\/","og_locale":"it_IT","og_type":"article","og_title":"Si pedala anche con le rigide temperature - TEAM TEX","og_description":"La stagione era gi\u00e0 in corso, ma Nicola Raineri, grazie alla grande passione per il ciclismo, con la sua azienda RAINER HOME, ha deciso di supportate il nostro team, diventando","og_url":"https:\/\/teamtex.it\/cms\/si-pedala\/","og_site_name":"TEAM TEX","article_publisher":"https:\/\/www.facebook.com\/teamTEX.ASD\/","article_published_time":"2022-11-04T07:30:08+00:00","article_modified_time":"2023-02-17T22:57:30+00:00","og_image":[{"width":608,"height":280,"url":"https:\/\/teamtex.it\/cms\/wp-content\/uploads\/2023\/02\/TeamTEX_11-22-ok.jpg","type":"image\/jpeg"}],"author":"teamtex","twitter_misc":{"Scritto da":"teamtex","Tempo di lettura stimato":"3 minuti"},"schema":{"@context":"https:\/\/schema.org","@graph":[{"@type":"WebPage","@id":"https:\/\/teamtex.it\/cms\/si-pedala\/","url":"https:\/\/teamtex.it\/cms\/si-pedala\/","name":"Si pedala anche con le rigide temperature - TEAM TEX","isPartOf":{"@id":"https:\/\/teamtex.it\/cms\/#website"},"primaryImageOfPage":{"@id":"https:\/\/teamtex.it\/cms\/si-pedala\/#primaryimage"},"image":{"@id":"https:\/\/teamtex.it\/cms\/si-pedala\/#primaryimage"},"thumbnailUrl":"https:\/\/teamtex.it\/cms\/wp-content\/uploads\/2023\/02\/TeamTEX_11-22-ok.jpg","datePublished":"2022-11-04T07:30:08+00:00","dateModified":"2023-02-17T22:57:30+00:00","author":{"@id":"https:\/\/teamtex.it\/cms\/#\/schema\/person\/c6de176dbc13e8823f477456eea7b991"},"breadcrumb":{"@id":"https:\/\/teamtex.it\/cms\/si-pedala\/#breadcrumb"},"inLanguage":"it-IT","potentialAction":[{"@type":"ReadAction","target":["https:\/\/teamtex.it\/cms\/si-pedala\/"]}]},{"@type":"ImageObject","inLanguage":"it-IT","@id":"https:\/\/teamtex.it\/cms\/si-pedala\/#primaryimage","url":"https:\/\/teamtex.it\/cms\/wp-content\/uploads\/2023\/02\/TeamTEX_11-22-ok.jpg","contentUrl":"https:\/\/teamtex.it\/cms\/wp-content\/uploads\/2023\/02\/TeamTEX_11-22-ok.jpg","width":608,"height":280},{"@type":"BreadcrumbList","@id":"https:\/\/teamtex.it\/cms\/si-pedala\/#breadcrumb","itemListElement":[{"@type":"ListItem","position":1,"name":"Home","item":"https:\/\/teamtex.it\/cms\/"},{"@type":"ListItem","position":2,"name":"Si pedala anche con le rigide temperature"}]},{"@type":"WebSite","@id":"https:\/\/teamtex.it\/cms\/#website","url":"https:\/\/teamtex.it\/cms\/","name":"TEAM TEX","description":"A.S.D. TEAM TEX","potentialAction":[{"@type":"SearchAction","target":{"@type":"EntryPoint","urlTemplate":"https:\/\/teamtex.it\/cms\/?s={search_term_string}"},"query-input":{"@type":"PropertyValueSpecification","valueRequired":true,"valueName":"search_term_string"}}],"inLanguage":"it-IT"},{"@type":"Person","@id":"https:\/\/teamtex.it\/cms\/#\/schema\/person\/c6de176dbc13e8823f477456eea7b991","name":"teamtex","image":{"@type":"ImageObject","inLanguage":"it-IT","@id":"https:\/\/teamtex.it\/cms\/#\/schema\/person\/image\/","url":"https:\/\/secure.gravatar.com\/avatar\/372a21a9c95239444ec0d17f3042dee8aa8a44f3ac5d5c24c1820b34c8213f8a?s=96&d=mm&r=g","contentUrl":"https:\/\/secure.gravatar.com\/avatar\/372a21a9c95239444ec0d17f3042dee8aa8a44f3ac5d5c24c1820b34c8213f8a?s=96&d=mm&r=g","caption":"teamtex"},"url":"https:\/\/teamtex.it\/cms\/author\/teamtex\/"}]}},"_links":{"self":[{"href":"https:\/\/teamtex.it\/cms\/wp-json\/wp\/v2\/posts\/3102","targetHints":{"allow":["GET"]}}],"collection":[{"href":"https:\/\/teamtex.it\/cms\/wp-json\/wp\/v2\/posts"}],"about":[{"href":"https:\/\/teamtex.it\/cms\/wp-json\/wp\/v2\/types\/post"}],"author":[{"embeddable":true,"href":"https:\/\/teamtex.it\/cms\/wp-json\/wp\/v2\/users\/3"}],"replies":[{"embeddable":true,"href":"https:\/\/teamtex.it\/cms\/wp-json\/wp\/v2\/comments?post=3102"}],"version-history":[{"count":4,"href":"https:\/\/teamtex.it\/cms\/wp-json\/wp\/v2\/posts\/3102\/revisions"}],"predecessor-version":[{"id":3125,"href":"https:\/\/teamtex.it\/cms\/wp-json\/wp\/v2\/posts\/3102\/revisions\/3125"}],"wp:featuredmedia":[{"embeddable":true,"href":"https:\/\/teamtex.it\/cms\/wp-json\/wp\/v2\/media\/3103"}],"wp:attachment":[{"href":"https:\/\/teamtex.it\/cms\/wp-json\/wp\/v2\/media?parent=3102"}],"wp:term":[{"taxonomy":"category","embeddable":true,"href":"https:\/\/teamtex.it\/cms\/wp-json\/wp\/v2\/categories?post=3102"},{"taxonomy":"post_tag","embeddable":true,"href":"https:\/\/teamtex.it\/cms\/wp-json\/wp\/v2\/tags?post=3102"}],"curies":[{"name":"wp","href":"https:\/\/api.w.org\/{rel}","templated":true}]}}