{"id":3092,"date":"2022-07-03T08:00:51","date_gmt":"2022-07-03T06:00:51","guid":{"rendered":"https:\/\/teamtex.it\/cms\/?p=3092"},"modified":"2023-02-18T00:02:03","modified_gmt":"2023-02-17T23:02:03","slug":"la111_un_successo","status":"publish","type":"post","link":"https:\/\/teamtex.it\/cms\/la111_un_successo\/","title":{"rendered":"Un successo di partecipazione alla 4a ed. de &#8220;La 111&#8221;"},"content":{"rendered":"<div>\n<div>\n<div dir=\"auto\">\n<div style=\"text-align: left;\">\n<div dir=\"auto\">\n<p>Il 19 giugno, con l&#8217;organizzazione del <strong>Team TEX Chiuduno<\/strong> con <strong>Free Time Telgate<\/strong>, si \u00e8 svolta<strong> \u201cLa 111 &#8211; Ciclopedalata tra i Castelli\u201d<\/strong>, manifestazione non agonistica che ha portato i partecipanti alla scoperta del fascino di dieci fortezze presenti nel Parco Oglio Nord e altri edifici medioevali, animati da figuranti in costume d\u2019epoca.<br \/>\nDalle 7:30 alle 8:30 ben 440 ciclisti, hanno preso il via dalla <strong>Multiarea del Palasettembre<\/strong>, <strong>Centro Fiera Chiuduno (BG)<\/strong>, e si sono diretti verso i tre percorsi, ideati dall\u2019ex ciclista professionista <strong>Valerio Tebaldi<\/strong>, per soddisfarne tutti i gusti: dal corto di 22 chilometri scelto dalle famiglie, al medio di 76 km, fino al tracciato completo di 111 chilometri, che presentavano entrambi ben tre stappi sul finale; tutti i percorsi erano appositamente segnalati da pi\u00f9 di 350 cartelli che indicavano la direzione da seguire per ogni tracciato scelto.<br \/>\nLa madrina della manifestazione, \u00e8 stata la giornalista <em>Eleonora Capelli<\/em>, che prima dello \u2018START\u2019 ufficiale ha intervistato alcuni partecipanti cogliendone le emozioni.<br \/>\nAlle 7:30 con il sole gi\u00e0 alto in cielo, alla partenza nel piazzale del Palasettembre, si apprezzava una tavolozza di maglie colorate e tra i partecipanti, si poteva notare una gran variet\u00e0: dal pi\u00f9 giovane, un bimbo di 4 anni nel trasportino, collegato alla bici del pap\u00e0, al bambino di 6 anni alle prime pedalate su strada, accompagnato dai suoi genitori, a persone con delle normalissime biciclette da passeggio, a gruppi di ciclisti amatori con le proprie specialissime. Orgoglio della manifestazione, non solo avere al via ciclisti cicloamatori delle squadre locali, ma anche, cicloamatori di team proveninti da Trentino, Veneto, Emilia Romagna, ed anche un turista tedesco in vacanza al Lago d\u2019Iseo. Tra i partecipanti, anche gli Ex-professionisti Enrico Guadrini e Claudio Corti e il giovane professionista del Team Giotti-Victoria Savini Due, Davide Finatti, che si \u00e8 prodigato nel percorso lungo facendo da gregario al suo pap\u00e0.<br \/>\nLa partenza alla \u2018francese\u2019 , ha permesso a tutti di iniziare la giornata di sport con tranquillit\u00e0, cos\u00ec da affrontare uno dei tre percorsi in modo sereno, senza l\u2019assillo dell\u2019entrata in griglia, tutti insomma con l\u2019obbiettivo di trascorrere una domenica mattina all\u2019insegna della dolce riscoperta dei dieci castelli medioevali, disposti in un territorio da favola quello de \u2018la 111\u2019, che \u00e8 cos\u00ec nominata, perch\u00e9 appunto, il numero 111, ricorda le guglie dei castelli che si incontrano lungo il percorso. I primi atleti a partire, hanno avuto il privilegio di pedalare con un\u2019ammiraglia d\u2019eccezione, la mitica Alfa Romeo modello AR51, che scort\u00f2 il Campionissimo Fausto Coppi nella vittoria al Tour del 1952, guidata da Sergio Finazzi, grande appassionato di ciclismo e noto telaista del brand \u2018NEVI TITANIUM BIKES\u2019 di Chiuduno.<br \/>\nSubito dopo il via, si \u00e8 creato un allegro serpentone multicolore, rispettando la filosofia della manifestazione, dileguandosi poi su strade secondarie e lontane dal traffico, percorrendo piste ciclabili tra campi coltivati, alternate da brevi e facili passaggi su strade bianche, a cavallo tra le provincie di Bergamo, Brescia e Cremona attraversando il Parco Oglio Nord, ristorandosi a met\u00e0 percorso lungo c\/o il ristoro al <strong>Castello di Padernello<\/strong> e al <strong>Birrificio Oi<\/strong> a Urago d&#8217;Oglio zona di arrivo del percorso corto.<br \/>\nAll&#8217;arrivo dei ciclisti al <strong>Palasettembre<\/strong>, abbiamo raccolto le parole di Valerio Tebaldi del TEAM TEX ASD, che con l\u2019Ass. allo Sport per il Comune di Telgate Cristian Bertoli e Manuel Bacis dell\u2019associazione APS FREE TIME TELGATE, sono a capo del Comitato promotore della #111:<br \/>\n<em>\u201cPer il nostro piccolo gruppo organizzativo \u00e8 stata un\u2019immensa gioia vedere cos\u00ec tanti partecipanti, dal piccolo al grande, dal ciclista amatore all&#8217;agonista, ma tutti entusiasti di prendere il via alla nostra \u201cCiclopedalata tra i Castelli\u201d, e questo ci ripaga di tanti sforzi, che in questi anni abbiamo fatto per fare crescere la manifestazione. Il nostro scopo \u00e8 quello di offrire a tutti, un\u2019occasione per pedalare indipendentemente dalla singola preparazione, fare sport immersi nella natura e lontani dalle arterie pi\u00f9 trafficate. L\u2019occasione \u00e8 gradita, per promuovere il nosto territorio, scoprire le bellezze architettoniche medioevali presenti nei tre percorsi, e per chi si cimenta nel \u2018percorso lungo\u2019 di 111 km, sono addirittura dieci\u2026 Tutti hanno risposto positivamente, per noi \u00e8 un grande vittoria!<\/em><br \/>\nUna vittoria non fine a se stessa, perch\u00e9 fin dal 2018, anno in cui si \u00e8 svolta la prima edizione a Telgate, parte del ricavato delle iscrizioni viene devoluto in beneficienza, alla Fondazione Giovanni Celeghini ONLUS, che sostiene la lotta contro i tumori celebrali, finanziando progetti di ricerca, borse di studio, bandi e divulgazione scientifica in collaborazione con diversi Ospedali e Universit\u00e0 d\u2019Italia\u201d.<br \/>\nTutti i percorsi hanno consentito ai partecipanti di vivere un esperienza unica, avvolta da una suggestiva atmosfera d&#8217;altri tempi, grazie alla collaborazione di associazioni di promozione storico-culturale presenti sul territorio, ad ogni castello i ciclisti, hanno incontrato figuranti in fedeli abiti storici, come guardie, sentinelle e danzieri, che testimoniandone il passaggio degli atleti, hanno apposto un timbro sulla tessera di viaggio, consegnata dagli organizzatori prima del via e che rimarr\u00e0 a ricordo di questa particolare pedalata. Ottenuto il timbro, come se fosse il permesso per attraversare il feudo, i partecipanti hanno proseguito alla \u201cconquista\u201d del castello successivo, progressivamente dalla fortezza 1 in Urago d&#8217;Oglio, alla numero 10, posta sulla collina di Chiuduno, facendo due soste intermedie nei punti ristoro appositamente allestiti dall&#8217;organizzazione.<br \/>\nAnalogo contesto anche per il percorso \u201cMedio\u201d che in 76 chilometri ha toccato cinque castelli e tre punti di interesse ed un&#8217;abbondante ristoro all&#8217;ombra del castello di Padernello.<br \/>\nTante le famiglie che hanno scelto il tracciato \u201cCorto\u201d di 22 chilometri raggiungendo il primo castello a Urago d\u2019Oglio, attraversando la Cappella di Sant\u2019Obizio, fino all&#8217;arrivo posto nella campagna di Urago, dove oltre al ristoro presso il &#8220;Birrificio Oi&#8221; gestito dai volontari dall\u2019associazione Bersaglieri \u201cNino Chiari\u201d di Telgate (BG), i partecipanti hanno potuto rilassarsi in un\u2019ampia zona relax, attrezzata con tavoli, sedie, ombrelloni e area giochi per bambini.<br \/>\nDopo la sosta rigenerante, alcuni partecipanti sono rientrati alla zona di partenza (Palasettembre) percorrendo in autonomia il percorso a ritroso, mentre molti hanno usufruito del servizio navetta gratuito, previsto dall&#8217;organizzazione.<br \/>\nAl termine della Ciclopedalata, transitati sotto lo striscione d&#8217;arrivo nella multiarea del Palasettembre in via Martiri della libert\u00e0 2\/A, i ciclisti hanno affidato la propria bicicletta al bike-parking gratuito, sorvegliato dallo staff \u201cLA 111\u201d, che ha permesso ai partecipanti di usufruire serenamente, dell&#8217;ultimo ristoro rigenerante a base di frutta fresca, per poi accomodarsi nel refettorio per il pasta party finale. Altra nota positiva, Il locale predisposto per rifocillare i partecipanti, era provvisto di enormi ventilatori che hanno consentito di mantenere una temperatura della sala gradevole, questo ha favorito anche l\u2019ottimo evento a contorno di intrattenimento, la Lotteria \u201cLA 111 XL&#8221; , con tanti premi a sorteggio. Come emozionante \u00e8 stato assistere alla consegna dell&#8217;assegno di 1.000 Euro, alla Fondazione Giovanni Celeghin ONLUS ed al premio per il gruppo pi\u00f9 numeroso vinto dal Team Loda Millennium capitanato dall&#8217;Ex professionista bresciano Nicola Loda.<br \/>\nA fianco della struttura che accoglieva il pasta party, al centro fiera di Chiuduno, gli organizzatori supportati da <strong>Matteo Ghitti<\/strong>, hanno dato l&#8217;opportunit\u00e0 a tutti i partecipanti e accompagnatori, di visitare gratuitamente la mostra-esposizione <em>&#8220;Sulle Ali delle Emozioni&#8221;<\/em>, un viaggio nella storia di questo sport, dagli anni &#8217;90 ad oggi. Attraverso le immagini, le maglie, le biciclette, si \u00e8 realizzato un percorso per ricordare il grande Campione Marco Pantani, i suoi gregari e i suoi antagonisti, fino anche ad arrivare ad alcuni campioni dei giorni nostri.<br \/>\nUna bellissima giornata di festa per la bicicletta, resa possibile anche dalla partnership con <strong>KASK<\/strong>, e dal suo brand di occhiali sportivi <strong>KOO Eyewear<\/strong>, che hanno sede proprio a Chiuduno e che oltre ad essere Main Sponsor della manifestazione, hanno offerto i loro prodotti per la speciale lotteria riservata ai partecipanti della <strong>\u201cCiclopedalata tra i Castelli<\/strong>\u201d. I pi\u00f9 fortunati, si sono aggiudicati gli Occhiali OPEN3 di KOO in tre colori, Caschi MOIJTO3 di KASK in tre colori, inoltre sono stati estratti tre buoni per due persone, per visite guidate all&#8217;interno dei castelli di: <strong>PADERNELLO (BS), SONCINO (CR), PUMENENGO (BG).<\/strong><br \/>\nUn&#8217;altra novit\u00e0 della quarta edizione, \u00e8 stata la prova cronometrata nel percorso di ritorno, sul segmento STRAVA &#8216;&#8221;Drittone per Urago&#8221;, che ha visto tanti ciclisti testare la propria gamba &#8220;a tutta&#8221;. I vincitori sono stati per le donne Emanuela Mora con il tempo 1:43 alla rispettabile media di 39,8 km\/h, mentre tra gli uomini Corrado Pasotti con il tempo di 1:35 alla media di 43,2 km\/h.<br \/>\nll comitato organizzatore della &#8220;Ciclopedalata tra i castelli La 111&#8221; RINGRAZIA tutti i partecipanti che hanno reso indimenticabile questo viaggio sui pedali, lontani dal traffico, attraverso la storia medioevale e non per ultimo donato una cospicua somma alla <strong>Fondazione Giovanni Celeghin ONLUS<\/strong> per la ricerca scientifica contro i tumori cerebrali!<br \/>\n<strong>GRAZIE<\/strong> alle Amministrazioni e le Polizie Locali di tutti i comuni sui tre percorsi, le Provincie e Prefetture di Bergamo, Brescia e Cremona, ed il Comitato F.C.I. di Bergamo.<br \/>\n<strong>GRAZIE<\/strong> a tutti i nostri amici e collaboratori che hanno reso possibile l&#8217;ottima riuscita della quarta edizione: la Multiarea del Palasettembre e Centro Sportivo Chiuduno che ci hanno ospitato, lo staff alle iscrizioni\/starter pack, ai ristori e al pasta party, Sergio Finazzi che ci ha accompagnato con la sua ammiraglia AR51, Eleonora Capelli che alla partenza, ci ha emozionato con le sue parole, i fotografi Antonio Finazzi, Giuliano Colosio ed i ragazzi di Cineraw Studio, le motostaffette, le persone presenti a sorvegliare la sicurezza sul percorso, il personale medico, i ragazzi del cambio ruote ed i ragazzi del bus navetta con trasporto bici!<br \/>\nUn&#8217; enorme grazie, a chi ha impreziosito \u201cLA 111\u201d con la presenza dei figuranti in abiti storici ai castelli, facenti parte delle <strong>Associazioni:<\/strong><br \/>\n&#8211; Contrade San Lorenzo Urago d&#8217;Oglio<br \/>\n&#8211; Voci di Corte Pumenengo<br \/>\n&#8211; Cooperativa il Borgo di Soncino<br \/>\n&#8211; Gruppo Storico Chiuduno<br \/>\n&#8211; La compagnia della Torre Cremona<br \/>\n&#8211; Castello di Padernello Fondazione<br \/>\n<strong>Non per ultimo GRAZIE a tutti i nostri sponsor che hanno creduto in noi e nel nostro progetto #LA111 !<\/strong><br \/>\nRicordando che sul sito della manifestazione<a href=\"http:\/\/www.la111.it\"> www.la111.it<\/a>, nella pagina <a href=\"https:\/\/www.la111.it\/gallery-2022.html\">GALLERY 2022<\/a> \u00e8 possibile visionare e scaricare gratuitamente tutte le foto della quarta edizione; Continuate a seguire i canali social, per scoprire quando si terr\u00e0 la quinta edizione il prossimo anno e le novit\u00e0 che proporremo per rendere ancora migliore questa esperienza sui pedali!<\/p>\n<\/div>\n<\/div>\n<\/div>\n<\/div>\n<div>\n<div>\n<div dir=\"auto\">\n<div dir=\"auto\"><strong>#IoVadoInBici<\/strong><br \/>\n<strong><strong><strong><strong>#teamtex<\/strong><\/strong><\/strong><\/strong><\/div>\n<div dir=\"auto\"><\/div>\n<\/div>\n<\/div>\n<\/div>\n<div dir=\"auto\">\n<div dir=\"auto\"><\/div>\n<div dir=\"auto\"><b><a href=\"https:\/\/www.la111.it\/gallery-2022.html\" target=\"_blank\" rel=\"noopener\" data-saferedirecturl=\"https:\/\/www.google.com\/url?q=https:\/\/teamtex.it\/cms\/sponsor-2020\/&amp;source=gmail&amp;ust=1611481181566000&amp;usg=AFQjCNF5NZUw1T1Fd8kTxsteJINVX4sfqQ\">&gt;&gt; Vai alla gallery con le immagini della 4a ed. #la111<\/a><\/b><\/div>\n<\/div>\n<div>\n<div>\n<div dir=\"auto\">\n<div dir=\"auto\"><\/div>\n<div dir=\"auto\"><b><a href=\"https:\/\/teamtex.it\/cms\/sponsor-2022\/\" target=\"_blank\" rel=\"noopener\" data-saferedirecturl=\"https:\/\/www.google.com\/url?q=https:\/\/teamtex.it\/cms\/sponsor-2020\/&amp;source=gmail&amp;ust=1611481181566000&amp;usg=AFQjCNF5NZUw1T1Fd8kTxsteJINVX4sfqQ\">&gt;&gt; Conosci i nostri sponsor 2022<\/a><\/b><\/div>\n<\/div>\n<\/div>\n<div><\/div>\n<\/div>\n<div><b><a href=\"https:\/\/www.instagram.com\/teamtex\/\" target=\"_blank\" rel=\"noopener\" data-saferedirecturl=\"https:\/\/www.google.com\/url?q=https:\/\/www.instagram.com\/teamtex\/&amp;source=gmail&amp;ust=1611481181566000&amp;usg=AFQjCNHr0HQoFb6tUqByh7wyc9kzmnYUiQ\">&gt;&gt; Visita il nostro profilo Instagram !<\/a><\/b><\/div>\n<div>\n<div><\/div>\n<div><a href=\"https:\/\/www.facebook.com\/teamTEX.ASD\/\" target=\"_blank\" rel=\"noopener\" data-saferedirecturl=\"https:\/\/www.google.com\/url?q=https:\/\/www.facebook.com\/teamTEX.ASD\/&amp;source=gmail&amp;ust=1611481181566000&amp;usg=AFQjCNGBF9R-D661iFcUrxtOMej52j-H7g\"><b>&gt;&gt; Visita la nostra pagina facebook !<\/b><\/a><\/div>\n<div><\/div>\n<div><\/div>\n<div><b class=\"first-child\"><span class=\"last-child first-child\">A.<\/span><\/b><b class=\"last-child\"><span class=\"last-child first-child\">S.D. Team TEX, v<\/span><\/b><span class=\"last-child first-child\"><b class=\"last-child first-child\">ia Brigata Lupi di Toscana, 15 Chiuduno (Bg)<\/b><\/span><\/div>\n<\/div>\n<\/div>\n<p><span class=\"first-child\"><b class=\"last-child first-child\"><a class=\"last-child first-child\" href=\"mailto:ufficiostampa.teamtex@gmail.com\" target=\"_blank\" rel=\"noopener noreferrer\" data-slimstat=\"5\">ufficiostampa.teamtex@<wbr class=\"last-child first-child\" \/>gmail.com<\/a><\/b><\/span><\/p>\n","protected":false},"excerpt":{"rendered":"<p>Il 19 giugno, con l&#8217;organizzazione del Team TEX Chiuduno con Free Time Telgate, si \u00e8 svolta \u201cLa 111 &#8211; Ciclopedalata tra i Castelli\u201d, manifestazione non agonistica che ha portato i<\/p>\n","protected":false},"author":3,"featured_media":3095,"comment_status":"closed","ping_status":"closed","sticky":false,"template":"","format":"standard","meta":{"footnotes":""},"categories":[82,88,15],"tags":[85,37,73,60,53,25,89,58,59],"class_list":["post-3092","post","type-post","status-publish","format-standard","has-post-thumbnail","hentry","category-amatori","category-randonee","category-team-tex","tag-bikers","tag-ciclismo","tag-cicloamatori","tag-cyclingteam","tag-inlombardia","tag-randonee","tag-randoneedelcuore","tag-teamtex","tag-texraiders"],"yoast_head":"<!-- This site is optimized with the Yoast SEO plugin v25.9 - https:\/\/yoast.com\/wordpress\/plugins\/seo\/ -->\n<title>Un successo di partecipazione alla 4a ed. de &quot;La 111&quot; - TEAM TEX<\/title>\n<meta name=\"robots\" content=\"index, follow, max-snippet:-1, max-image-preview:large, max-video-preview:-1\" \/>\n<link rel=\"canonical\" href=\"https:\/\/teamtex.it\/cms\/la111_un_successo\/\" \/>\n<meta property=\"og:locale\" content=\"it_IT\" \/>\n<meta property=\"og:type\" content=\"article\" \/>\n<meta property=\"og:title\" content=\"Un successo di partecipazione alla 4a ed. de &quot;La 111&quot; - TEAM TEX\" \/>\n<meta property=\"og:description\" content=\"Il 19 giugno, con l&#8217;organizzazione del Team TEX Chiuduno con Free Time Telgate, si \u00e8 svolta \u201cLa 111 &#8211; Ciclopedalata tra i Castelli\u201d, manifestazione non agonistica che ha portato i\" \/>\n<meta property=\"og:url\" content=\"https:\/\/teamtex.it\/cms\/la111_un_successo\/\" \/>\n<meta property=\"og:site_name\" content=\"TEAM TEX\" \/>\n<meta property=\"article:publisher\" content=\"https:\/\/www.facebook.com\/teamTEX.ASD\/\" \/>\n<meta property=\"article:published_time\" content=\"2022-07-03T06:00:51+00:00\" \/>\n<meta property=\"article:modified_time\" content=\"2023-02-17T23:02:03+00:00\" \/>\n<meta property=\"og:image\" content=\"https:\/\/teamtex.it\/cms\/wp-content\/uploads\/2022\/07\/TeamTEX_08-22-ok.jpg\" \/>\n\t<meta property=\"og:image:width\" content=\"608\" \/>\n\t<meta property=\"og:image:height\" content=\"280\" \/>\n\t<meta property=\"og:image:type\" content=\"image\/jpeg\" \/>\n<meta name=\"author\" content=\"teamtex\" \/>\n<meta name=\"twitter:label1\" content=\"Scritto da\" \/>\n\t<meta name=\"twitter:data1\" content=\"teamtex\" \/>\n\t<meta name=\"twitter:label2\" content=\"Tempo di lettura stimato\" \/>\n\t<meta name=\"twitter:data2\" content=\"10 minuti\" \/>\n<script type=\"application\/ld+json\" class=\"yoast-schema-graph\">{\"@context\":\"https:\/\/schema.org\",\"@graph\":[{\"@type\":\"WebPage\",\"@id\":\"https:\/\/teamtex.it\/cms\/la111_un_successo\/\",\"url\":\"https:\/\/teamtex.it\/cms\/la111_un_successo\/\",\"name\":\"Un successo di partecipazione alla 4a ed. de \\\"La 111\\\" - TEAM TEX\",\"isPartOf\":{\"@id\":\"https:\/\/teamtex.it\/cms\/#website\"},\"primaryImageOfPage\":{\"@id\":\"https:\/\/teamtex.it\/cms\/la111_un_successo\/#primaryimage\"},\"image\":{\"@id\":\"https:\/\/teamtex.it\/cms\/la111_un_successo\/#primaryimage\"},\"thumbnailUrl\":\"https:\/\/teamtex.it\/cms\/wp-content\/uploads\/2022\/07\/TeamTEX_08-22-ok.jpg\",\"datePublished\":\"2022-07-03T06:00:51+00:00\",\"dateModified\":\"2023-02-17T23:02:03+00:00\",\"author\":{\"@id\":\"https:\/\/teamtex.it\/cms\/#\/schema\/person\/c6de176dbc13e8823f477456eea7b991\"},\"breadcrumb\":{\"@id\":\"https:\/\/teamtex.it\/cms\/la111_un_successo\/#breadcrumb\"},\"inLanguage\":\"it-IT\",\"potentialAction\":[{\"@type\":\"ReadAction\",\"target\":[\"https:\/\/teamtex.it\/cms\/la111_un_successo\/\"]}]},{\"@type\":\"ImageObject\",\"inLanguage\":\"it-IT\",\"@id\":\"https:\/\/teamtex.it\/cms\/la111_un_successo\/#primaryimage\",\"url\":\"https:\/\/teamtex.it\/cms\/wp-content\/uploads\/2022\/07\/TeamTEX_08-22-ok.jpg\",\"contentUrl\":\"https:\/\/teamtex.it\/cms\/wp-content\/uploads\/2022\/07\/TeamTEX_08-22-ok.jpg\",\"width\":608,\"height\":280},{\"@type\":\"BreadcrumbList\",\"@id\":\"https:\/\/teamtex.it\/cms\/la111_un_successo\/#breadcrumb\",\"itemListElement\":[{\"@type\":\"ListItem\",\"position\":1,\"name\":\"Home\",\"item\":\"https:\/\/teamtex.it\/cms\/\"},{\"@type\":\"ListItem\",\"position\":2,\"name\":\"Un successo di partecipazione alla 4a ed. de &#8220;La 111&#8221;\"}]},{\"@type\":\"WebSite\",\"@id\":\"https:\/\/teamtex.it\/cms\/#website\",\"url\":\"https:\/\/teamtex.it\/cms\/\",\"name\":\"TEAM TEX\",\"description\":\"A.S.D. TEAM TEX\",\"potentialAction\":[{\"@type\":\"SearchAction\",\"target\":{\"@type\":\"EntryPoint\",\"urlTemplate\":\"https:\/\/teamtex.it\/cms\/?s={search_term_string}\"},\"query-input\":{\"@type\":\"PropertyValueSpecification\",\"valueRequired\":true,\"valueName\":\"search_term_string\"}}],\"inLanguage\":\"it-IT\"},{\"@type\":\"Person\",\"@id\":\"https:\/\/teamtex.it\/cms\/#\/schema\/person\/c6de176dbc13e8823f477456eea7b991\",\"name\":\"teamtex\",\"image\":{\"@type\":\"ImageObject\",\"inLanguage\":\"it-IT\",\"@id\":\"https:\/\/teamtex.it\/cms\/#\/schema\/person\/image\/\",\"url\":\"https:\/\/secure.gravatar.com\/avatar\/372a21a9c95239444ec0d17f3042dee8aa8a44f3ac5d5c24c1820b34c8213f8a?s=96&d=mm&r=g\",\"contentUrl\":\"https:\/\/secure.gravatar.com\/avatar\/372a21a9c95239444ec0d17f3042dee8aa8a44f3ac5d5c24c1820b34c8213f8a?s=96&d=mm&r=g\",\"caption\":\"teamtex\"},\"url\":\"https:\/\/teamtex.it\/cms\/author\/teamtex\/\"}]}<\/script>\n<!-- \/ Yoast SEO plugin. -->","yoast_head_json":{"title":"Un successo di partecipazione alla 4a ed. de \"La 111\" - TEAM TEX","robots":{"index":"index","follow":"follow","max-snippet":"max-snippet:-1","max-image-preview":"max-image-preview:large","max-video-preview":"max-video-preview:-1"},"canonical":"https:\/\/teamtex.it\/cms\/la111_un_successo\/","og_locale":"it_IT","og_type":"article","og_title":"Un successo di partecipazione alla 4a ed. de \"La 111\" - TEAM TEX","og_description":"Il 19 giugno, con l&#8217;organizzazione del Team TEX Chiuduno con Free Time Telgate, si \u00e8 svolta \u201cLa 111 &#8211; Ciclopedalata tra i Castelli\u201d, manifestazione non agonistica che ha portato i","og_url":"https:\/\/teamtex.it\/cms\/la111_un_successo\/","og_site_name":"TEAM TEX","article_publisher":"https:\/\/www.facebook.com\/teamTEX.ASD\/","article_published_time":"2022-07-03T06:00:51+00:00","article_modified_time":"2023-02-17T23:02:03+00:00","og_image":[{"width":608,"height":280,"url":"https:\/\/teamtex.it\/cms\/wp-content\/uploads\/2022\/07\/TeamTEX_08-22-ok.jpg","type":"image\/jpeg"}],"author":"teamtex","twitter_misc":{"Scritto da":"teamtex","Tempo di lettura stimato":"10 minuti"},"schema":{"@context":"https:\/\/schema.org","@graph":[{"@type":"WebPage","@id":"https:\/\/teamtex.it\/cms\/la111_un_successo\/","url":"https:\/\/teamtex.it\/cms\/la111_un_successo\/","name":"Un successo di partecipazione alla 4a ed. de \"La 111\" - TEAM TEX","isPartOf":{"@id":"https:\/\/teamtex.it\/cms\/#website"},"primaryImageOfPage":{"@id":"https:\/\/teamtex.it\/cms\/la111_un_successo\/#primaryimage"},"image":{"@id":"https:\/\/teamtex.it\/cms\/la111_un_successo\/#primaryimage"},"thumbnailUrl":"https:\/\/teamtex.it\/cms\/wp-content\/uploads\/2022\/07\/TeamTEX_08-22-ok.jpg","datePublished":"2022-07-03T06:00:51+00:00","dateModified":"2023-02-17T23:02:03+00:00","author":{"@id":"https:\/\/teamtex.it\/cms\/#\/schema\/person\/c6de176dbc13e8823f477456eea7b991"},"breadcrumb":{"@id":"https:\/\/teamtex.it\/cms\/la111_un_successo\/#breadcrumb"},"inLanguage":"it-IT","potentialAction":[{"@type":"ReadAction","target":["https:\/\/teamtex.it\/cms\/la111_un_successo\/"]}]},{"@type":"ImageObject","inLanguage":"it-IT","@id":"https:\/\/teamtex.it\/cms\/la111_un_successo\/#primaryimage","url":"https:\/\/teamtex.it\/cms\/wp-content\/uploads\/2022\/07\/TeamTEX_08-22-ok.jpg","contentUrl":"https:\/\/teamtex.it\/cms\/wp-content\/uploads\/2022\/07\/TeamTEX_08-22-ok.jpg","width":608,"height":280},{"@type":"BreadcrumbList","@id":"https:\/\/teamtex.it\/cms\/la111_un_successo\/#breadcrumb","itemListElement":[{"@type":"ListItem","position":1,"name":"Home","item":"https:\/\/teamtex.it\/cms\/"},{"@type":"ListItem","position":2,"name":"Un successo di partecipazione alla 4a ed. de &#8220;La 111&#8221;"}]},{"@type":"WebSite","@id":"https:\/\/teamtex.it\/cms\/#website","url":"https:\/\/teamtex.it\/cms\/","name":"TEAM TEX","description":"A.S.D. TEAM TEX","potentialAction":[{"@type":"SearchAction","target":{"@type":"EntryPoint","urlTemplate":"https:\/\/teamtex.it\/cms\/?s={search_term_string}"},"query-input":{"@type":"PropertyValueSpecification","valueRequired":true,"valueName":"search_term_string"}}],"inLanguage":"it-IT"},{"@type":"Person","@id":"https:\/\/teamtex.it\/cms\/#\/schema\/person\/c6de176dbc13e8823f477456eea7b991","name":"teamtex","image":{"@type":"ImageObject","inLanguage":"it-IT","@id":"https:\/\/teamtex.it\/cms\/#\/schema\/person\/image\/","url":"https:\/\/secure.gravatar.com\/avatar\/372a21a9c95239444ec0d17f3042dee8aa8a44f3ac5d5c24c1820b34c8213f8a?s=96&d=mm&r=g","contentUrl":"https:\/\/secure.gravatar.com\/avatar\/372a21a9c95239444ec0d17f3042dee8aa8a44f3ac5d5c24c1820b34c8213f8a?s=96&d=mm&r=g","caption":"teamtex"},"url":"https:\/\/teamtex.it\/cms\/author\/teamtex\/"}]}},"_links":{"self":[{"href":"https:\/\/teamtex.it\/cms\/wp-json\/wp\/v2\/posts\/3092","targetHints":{"allow":["GET"]}}],"collection":[{"href":"https:\/\/teamtex.it\/cms\/wp-json\/wp\/v2\/posts"}],"about":[{"href":"https:\/\/teamtex.it\/cms\/wp-json\/wp\/v2\/types\/post"}],"author":[{"embeddable":true,"href":"https:\/\/teamtex.it\/cms\/wp-json\/wp\/v2\/users\/3"}],"replies":[{"embeddable":true,"href":"https:\/\/teamtex.it\/cms\/wp-json\/wp\/v2\/comments?post=3092"}],"version-history":[{"count":4,"href":"https:\/\/teamtex.it\/cms\/wp-json\/wp\/v2\/posts\/3092\/revisions"}],"predecessor-version":[{"id":3128,"href":"https:\/\/teamtex.it\/cms\/wp-json\/wp\/v2\/posts\/3092\/revisions\/3128"}],"wp:featuredmedia":[{"embeddable":true,"href":"https:\/\/teamtex.it\/cms\/wp-json\/wp\/v2\/media\/3095"}],"wp:attachment":[{"href":"https:\/\/teamtex.it\/cms\/wp-json\/wp\/v2\/media?parent=3092"}],"wp:term":[{"taxonomy":"category","embeddable":true,"href":"https:\/\/teamtex.it\/cms\/wp-json\/wp\/v2\/categories?post=3092"},{"taxonomy":"post_tag","embeddable":true,"href":"https:\/\/teamtex.it\/cms\/wp-json\/wp\/v2\/tags?post=3092"}],"curies":[{"name":"wp","href":"https:\/\/api.w.org\/{rel}","templated":true}]}}