{"id":3088,"date":"2022-06-11T01:05:34","date_gmt":"2022-06-10T23:05:34","guid":{"rendered":"https:\/\/teamtex.it\/cms\/?p=3088"},"modified":"2023-02-18T00:06:32","modified_gmt":"2023-02-17T23:06:32","slug":"il-km-verso-il-blu-cronoscalata-in-mountain-bike","status":"publish","type":"post","link":"https:\/\/teamtex.it\/cms\/il-km-verso-il-blu-cronoscalata-in-mountain-bike\/","title":{"rendered":"km verso il Blu: Cronoscalata in mountain-bike"},"content":{"rendered":"<div>\n<div>\n<div dir=\"auto\">\n<div style=\"text-align: left;\">\n<div dir=\"auto\">\n<p><strong>L&#8217;A.S.D. Team Tex Chiuduno<\/strong> \u00e8 orgogliosa di poter ufficializzare che, dopo due anni di stop dovuti alla pandemia di Covid-19, la spettacolare cronoscalta nominata <strong>&#8220;km verso il blu&#8221;<\/strong>, che dal 2006 gli Amici del Pedale Predore propongono agli appassionati delle scalate in mountain-bike, si terra <em>venerd\u00ec 17 giugno<\/em>.<\/p>\n<p><strong>Valerio Tebaldi<\/strong>, dopo aver partecipato alle prime edizioni, dal 2017 ha deciso di collaborare con gli organizzatori, in quanto per lui questa manifestazione \u00e8 unica: <em>\u201c\u00e8 una stupenda sfida ai propri limiti! Riuscire a tagliare il traguardo senza mettere il piede a terra \u00e8 una doppia vittoria! Siamo orgogliosi di supportare questa cronoscalata che si conclude con i bikers che festeggiano tutti insieme alla sagra alpina, \u00e8 questo \u00e8 il nostro spirito e ci\u00f2 che volgiamo insegnare ai giovani: pedalare con l\u2019obiettivo del divertimento, perch\u00e8 poi con la passione, il risultato prima o poi arriva!\u201d<\/em><br \/>\nLa cronoscalata in Mountain Bike, giunta alla 15esima edizione, patrocinata ACSI Sezione Ciclismo Bergamo, per tutte le categorie ACSI, \u00e8 aperta anche ai tesserati F.C.I. e agli Enti della consulta nazionale + e-mtb (mountain-bike con pedalata assistita con classifica separata) si svolge in \u201cpreserale\u201d sul collaudato ed impegnativo percorso che, nelle precedenti edizioni, ha entusiasmato tecnici ed appassionati.<br \/>\nIl tracciato misura complessivamente <strong>1290 m<\/strong> con una pendenza media del <strong>15,8%<\/strong> e massima del <strong>33%<\/strong> si snoda per le vie del paese in riva al lago d\u2019Iseo. Il via del primo atleta \u00e8 fissato alle ore 20:00 da P.zza V.Veneto (193 s.lm.), a seguire ogni 30 secondi ci saranno le partenze dei bikers che proseguiranno con il tratto in asfalto per V.Foresti, V.Fontanella, svolteranno a sinistra in V.Crona, salendo verso la cima del borgo, lasciando allo loro sinistra la cascata del torrente Rino entreranno in V.Chiodi, oltrepassando la Torre Medioevale del XII sec. svoltando a destra dell\u2019acquedotto entreranno nell\u2019impegnativo tratto in cemento, quindi sulle rampe che portano al tratto di fettucciato, nel prato, adiacente al Santuario Madonna della neve, in localit\u00e0 S.Gregorio (396 s.lm.), dove \u00e8 previsto l\u2019arrivo del \u201cKm verso ilblu\u201d.<br \/>\nIl Presidente dell\u2019ASD Amici del Pedale, Gian Franco Girelli, ringrazia la Polisportiva Comunale per l\u2019impegno nel promuovere l\u2019attivit\u00e0 amatoriale sul territorio e afferma felice: \u201cQuesta cronoscalata per gli atleti \u00e8 una sfida nella sfida, \u00e8 uno sprint in salita contro se stessi e la forza di gravit\u00e0! Nel 2006, alla prima edizione, sembrava pura follia, ma proprio gli atleti ed il pubblico di appassionati ci hanno dato ragione! Vedere i bikers di ogni et\u00e0 che si presentano al via, per mettersi in gioco, sfidando se stessi, cercando di migliorare le proprie prestazioni, \u00e8 la vera vittoria di questo sport\u201d.<br \/>\nIl direttore di corsa, Marco Foresti, afferma: \u201cIn 14 edizioni hanno portato a termine la prova circa 800 atleti, appartenenti a pi\u00f9 di 300 societ\u00e0 sportive, per noi \u00e8 un vero onore, poter proporre questa manifestazione che, pur svolgendosi su un tracciato breve, presenta ben 4 tipi diversi di fondo e ha delle pendenze veramente estreme che unite alla spettacolarit\u00e0 del paesaggio, non ha eguali in Italia!<br \/>\nNell\u2019ambito amatoriale siamo stati tra i primi organizzatori, ad introdurre una categoria riservata agli atleti con le mountain-bike a pedalata assistita, e anche in questo caso siamo entusiasti di vedere gli atleti al via che si sfidano con tutta la grinta che hanno, e vi assicuro che nonostante hanno la tecnologia che li aiuta, ci vogliono comunque le gambe!\u201d.<br \/>\nTanti sono gli atleti che abbiamo avuto il piacere di vedere al via di questa manifestazione nel corso degli anni; dal pi\u00f9 giovane, Morgan Bonardi della Cicli Mant\u2019s, al pi\u00f9 \u201canziano\u201d, teniamo a precisare solo per la carta d\u2019identit\u00e0, in quanto l\u2019atleta Mora Giacomo (Cicli Mora) \u00e8 della classe 1939. Molti i bikers venuti da fuori provincia, tra cui ricordiamo: il campione bassanese, Simone Temperato, alias Magico Tempe, che nel 2002 ha aperto la manifestazione scalando il percorso con la sua mountainbike priva di ruota e forcella anteriore; l\u2019ex-pro Marco Artunghi che con gli amici bikers bresciani ha conquistato la classifica delle societ\u00e0 nell\u2019edizione 2016; Nel 2017 abbiamo avuto anche la partecipazione di un atleta proveniente dalla Svezia, Jacob Nulli del Kristinehamns Cykelklubb.<br \/>\nPer gli atleti che vogliono partecipare a questa sfida contro il tempo e la forza di gravit\u00e0, il ritrovo \u00e8 previsto dalle ore 18:00 alle ore 19:30 presso l\u2019Oratorio parrocchiale a Predore, dove si terranno le iscrizioni ed al termine della competizione (alle ore 21:45 circa) le premiazioni dei primi 7 classificati di ogni categoria; in palio per i primi classificati assoluti (uomini \u2013 donne \u2013 e-mtb) una splendida cover personalizzata per il proprio smartphone offerta da \u201cEEVYE\u201d e anche un trofeo speciale per l\u2019atleta che riuscir\u00e0 a battere il tempo record di 7&#8242;:11.100 siglato nel 2017 da Oscar Lazzaroni (2R bike store).<br \/>\nOgni atleta potr\u00e0 inoltre ricevere in omaggio la foto digitale della propria impresa, e avr\u00e0 la possibilit\u00e0 di cenare alla sagra alpina con men\u00f9 agevolato!<br \/>\nL\u2019invito a partecipare \u00e8 quindi esteso a tutti gli amanti delle \u201cruote grasse\u201d e a tutti gli appassionati che possono ammirare gli atleti impegnati nella salita in questo spettacolare percorso!<br \/>\nPer ulteriori informazioni sulla manifestazione si pu\u00f2 visionare il sito <a href=\"http:\/\/www.amicidelpedale.it\">www.amicidelpedale.it<\/a> o la <a href=\"https:\/\/www.facebook.com\/media\/set\/?set=a.5976864212341848&amp;type=3\">pagina Facebook\/ASD Amici del Pedale Predore<\/a> dove negli album trovate le immagini del percorso e le foto delle precedenti edizioni #kmversoilblu e di postare le vostre fot<em><strong>o!<\/strong><\/em><\/p>\n<p><em><strong>L\u2019ALBO d\u2019ORO del \u201cKm verso il blu\u201d, dalla prima edizione:<\/strong><\/em><br \/>\n2006: Zanotti Igor (Team Idea bici) in 8:42.300<br \/>\n2007: Monteverdi Emanuele (Cicli Mant\u2019s) in 9:04.300 \u2013 Perletti Clara (Cicli Battistella)<br \/>\n2008: Alberto Paolo Pozzi (GS Rampi Team 96) in 8:55.000 \u2013 Erika Marta (Team Pegaso)<br \/>\n2009: Pasquali Fabio (Pennelli Cinghiale) in 7:25.590 \u2013 Rossi Laura (Orobie Cup Mtb)<br \/>\n2010: Pasquali Fabio (Pennelli Cinghiale) in 8:07.770 \u2013 Perletti Clara (Cicli Battistella)<br \/>\n2011: Giovanni Spatti (Tokens Cicli Bettoni) in 8:18.900 \u2013 Etossi Simona (Team Bortolami)<br \/>\n2012: Bettoni Iacopo (Team Pianeta Bici) 7:50.000 \u2013 Perletti Clara (Cicli Battistella)<br \/>\n2013: Bettoni Iacopo (Max Team) 7:58.260 \u2013 Francesca Miraglia (Team Bramati)<br \/>\n2014: Matteo Cominotti (Racing Rosola Bike) 7:59.600 \u2013 Erika Marta (Team Pegaso)<br \/>\n2015: Bettoni Iacopo (Team Zeta) 7:43.300 \u2013 Novelli Chiara (Team bike Trescore) 10:35.100<br \/>\ne-mtb: Antonio Lanza (Team Zeta) 4:58.500<br \/>\n2016: Bettoni Iacopo (Cicli Bettoni) \u2013 Erika Marta (Team Pegaso)<br \/>\ne-mtb: Cavati Aldo (Teambike Castrezzato)<br \/>\n2017: Oscar Lazzaroni (2R Bike Store) 7:11.100 \u2013 Erika Marta (Team Pegaso) 14:38.700<br \/>\ne-mtb: Giovanni Manzoni (Bike Team) 4:37.000<br \/>\n2018: Davide Carrubba (Rampi club Brianza) 8:14.530 \u2013 Giuseppina Ferrari (Sprint Bike Lumezzane) 12:38.310<br \/>\ne-mtb: Giuseppe Vigani (Team Zeta) 4:43.570<br \/>\n2019: Codeghini Giovanni (Team Oliveto) 7:53.39 \u2013 Ferrari Giuseppina (Sprint Bike Lumezane) 12:06.13<br \/>\ne-mtb: Cucinotta Valentino (Velo Club Sarnico) 4:11.10<\/p>\n<\/div>\n<\/div>\n<\/div>\n<\/div>\n<div>\n<div>\n<div dir=\"auto\">\n<div dir=\"auto\"><strong>#IoVadoInBici<\/strong><br \/>\n<strong><strong><strong><strong>#teamtex<\/strong><\/strong><\/strong><\/strong><\/div>\n<div dir=\"auto\"><\/div>\n<div dir=\"auto\">\n<div>\n<div>\n<div dir=\"auto\">\n<div dir=\"auto\"><\/div>\n<div dir=\"auto\"><b><a href=\"https:\/\/www.facebook.com\/media\/set\/?set=a.5976864212341848&amp;type=3\" target=\"_blank\" rel=\"noopener\" data-saferedirecturl=\"https:\/\/www.google.com\/url?q=https:\/\/teamtex.it\/cms\/sponsor-2020\/&amp;source=gmail&amp;ust=1611481181566000&amp;usg=AFQjCNF5NZUw1T1Fd8kTxsteJINVX4sfqQ\">&gt;&gt; Vai alla gallery con le immagini #kmversoilblu 2022<\/a><\/b><\/div>\n<\/div>\n<\/div>\n<div><\/div>\n<\/div>\n<\/div>\n<div dir=\"auto\"><b><a href=\"https:\/\/teamtex.it\/cms\/sponsor-2022\/\" target=\"_blank\" rel=\"noopener\" data-saferedirecturl=\"https:\/\/www.google.com\/url?q=https:\/\/teamtex.it\/cms\/sponsor-2020\/&amp;source=gmail&amp;ust=1611481181566000&amp;usg=AFQjCNF5NZUw1T1Fd8kTxsteJINVX4sfqQ\">&gt;&gt; Conosci i nostri sponsor 2022<\/a><\/b><\/div>\n<\/div>\n<\/div>\n<div><\/div>\n<\/div>\n<div><b><a href=\"https:\/\/www.instagram.com\/teamtex\/\" target=\"_blank\" rel=\"noopener\" data-saferedirecturl=\"https:\/\/www.google.com\/url?q=https:\/\/www.instagram.com\/teamtex\/&amp;source=gmail&amp;ust=1611481181566000&amp;usg=AFQjCNHr0HQoFb6tUqByh7wyc9kzmnYUiQ\">&gt;&gt; Visita il nostro profilo Instagram !<\/a><\/b><\/div>\n<div>\n<div><\/div>\n<div><a href=\"https:\/\/www.facebook.com\/teamTEX.ASD\/\" target=\"_blank\" rel=\"noopener\" data-saferedirecturl=\"https:\/\/www.google.com\/url?q=https:\/\/www.facebook.com\/teamTEX.ASD\/&amp;source=gmail&amp;ust=1611481181566000&amp;usg=AFQjCNGBF9R-D661iFcUrxtOMej52j-H7g\"><b>&gt;&gt; Visita la nostra pagina facebook !<\/b><\/a><\/div>\n<\/div>\n<\/div>\n<div><\/div>\n<div><\/div>\n<div>\n<div>\n<div><b class=\"first-child\"><span class=\"last-child first-child\">A.<\/span><\/b><b class=\"last-child\"><span class=\"last-child first-child\">S.D. Team TEX, v<\/span><\/b><span class=\"last-child first-child\"><b class=\"last-child first-child\">ia Brigata Lupi di Toscana, 15 Chiuduno (Bg)<\/b><\/span><\/div>\n<\/div>\n<\/div>\n<p><span class=\"first-child\"><b class=\"last-child first-child\"><a class=\"last-child first-child\" href=\"mailto:ufficiostampa.teamtex@gmail.com\" target=\"_blank\" rel=\"noopener noreferrer\" data-slimstat=\"5\">ufficiostampa.teamtex@<wbr class=\"last-child first-child\" \/>gmail.com<\/a><\/b><\/span><\/p>\n","protected":false},"excerpt":{"rendered":"<p>L&#8217;A.S.D. Team Tex Chiuduno \u00e8 orgogliosa di poter ufficializzare che, dopo due anni di stop dovuti alla pandemia di Covid-19, la spettacolare cronoscalta nominata &#8220;km verso il blu&#8221;, che dal<\/p>\n","protected":false},"author":3,"featured_media":3089,"comment_status":"closed","ping_status":"closed","sticky":false,"template":"","format":"standard","meta":{"footnotes":""},"categories":[82,88,15],"tags":[85,37,73,60,53,25,89,58,59],"class_list":["post-3088","post","type-post","status-publish","format-standard","has-post-thumbnail","hentry","category-amatori","category-randonee","category-team-tex","tag-bikers","tag-ciclismo","tag-cicloamatori","tag-cyclingteam","tag-inlombardia","tag-randonee","tag-randoneedelcuore","tag-teamtex","tag-texraiders"],"yoast_head":"<!-- This site is optimized with the Yoast SEO plugin v25.9 - https:\/\/yoast.com\/wordpress\/plugins\/seo\/ -->\n<title>km verso il Blu: Cronoscalata in mountain-bike - TEAM TEX<\/title>\n<meta name=\"robots\" content=\"index, follow, max-snippet:-1, max-image-preview:large, max-video-preview:-1\" \/>\n<link rel=\"canonical\" href=\"https:\/\/teamtex.it\/cms\/il-km-verso-il-blu-cronoscalata-in-mountain-bike\/\" \/>\n<meta property=\"og:locale\" content=\"it_IT\" \/>\n<meta property=\"og:type\" content=\"article\" \/>\n<meta property=\"og:title\" content=\"km verso il Blu: Cronoscalata in mountain-bike - TEAM TEX\" \/>\n<meta property=\"og:description\" content=\"L&#8217;A.S.D. Team Tex Chiuduno \u00e8 orgogliosa di poter ufficializzare che, dopo due anni di stop dovuti alla pandemia di Covid-19, la spettacolare cronoscalta nominata &#8220;km verso il blu&#8221;, che dal\" \/>\n<meta property=\"og:url\" content=\"https:\/\/teamtex.it\/cms\/il-km-verso-il-blu-cronoscalata-in-mountain-bike\/\" \/>\n<meta property=\"og:site_name\" content=\"TEAM TEX\" \/>\n<meta property=\"article:publisher\" content=\"https:\/\/www.facebook.com\/teamTEX.ASD\/\" \/>\n<meta property=\"article:published_time\" content=\"2022-06-10T23:05:34+00:00\" \/>\n<meta property=\"article:modified_time\" content=\"2023-02-17T23:06:32+00:00\" \/>\n<meta property=\"og:image\" content=\"https:\/\/teamtex.it\/cms\/wp-content\/uploads\/2023\/02\/TeamTEX_07-22-ok.jpg\" \/>\n\t<meta property=\"og:image:width\" content=\"608\" \/>\n\t<meta property=\"og:image:height\" content=\"280\" \/>\n\t<meta property=\"og:image:type\" content=\"image\/jpeg\" \/>\n<meta name=\"author\" content=\"teamtex\" \/>\n<meta name=\"twitter:label1\" content=\"Scritto da\" \/>\n\t<meta name=\"twitter:data1\" content=\"teamtex\" \/>\n\t<meta name=\"twitter:label2\" content=\"Tempo di lettura stimato\" \/>\n\t<meta name=\"twitter:data2\" content=\"6 minuti\" \/>\n<script type=\"application\/ld+json\" class=\"yoast-schema-graph\">{\"@context\":\"https:\/\/schema.org\",\"@graph\":[{\"@type\":\"WebPage\",\"@id\":\"https:\/\/teamtex.it\/cms\/il-km-verso-il-blu-cronoscalata-in-mountain-bike\/\",\"url\":\"https:\/\/teamtex.it\/cms\/il-km-verso-il-blu-cronoscalata-in-mountain-bike\/\",\"name\":\"km verso il Blu: Cronoscalata in mountain-bike - TEAM TEX\",\"isPartOf\":{\"@id\":\"https:\/\/teamtex.it\/cms\/#website\"},\"primaryImageOfPage\":{\"@id\":\"https:\/\/teamtex.it\/cms\/il-km-verso-il-blu-cronoscalata-in-mountain-bike\/#primaryimage\"},\"image\":{\"@id\":\"https:\/\/teamtex.it\/cms\/il-km-verso-il-blu-cronoscalata-in-mountain-bike\/#primaryimage\"},\"thumbnailUrl\":\"https:\/\/teamtex.it\/cms\/wp-content\/uploads\/2023\/02\/TeamTEX_07-22-ok.jpg\",\"datePublished\":\"2022-06-10T23:05:34+00:00\",\"dateModified\":\"2023-02-17T23:06:32+00:00\",\"author\":{\"@id\":\"https:\/\/teamtex.it\/cms\/#\/schema\/person\/c6de176dbc13e8823f477456eea7b991\"},\"breadcrumb\":{\"@id\":\"https:\/\/teamtex.it\/cms\/il-km-verso-il-blu-cronoscalata-in-mountain-bike\/#breadcrumb\"},\"inLanguage\":\"it-IT\",\"potentialAction\":[{\"@type\":\"ReadAction\",\"target\":[\"https:\/\/teamtex.it\/cms\/il-km-verso-il-blu-cronoscalata-in-mountain-bike\/\"]}]},{\"@type\":\"ImageObject\",\"inLanguage\":\"it-IT\",\"@id\":\"https:\/\/teamtex.it\/cms\/il-km-verso-il-blu-cronoscalata-in-mountain-bike\/#primaryimage\",\"url\":\"https:\/\/teamtex.it\/cms\/wp-content\/uploads\/2023\/02\/TeamTEX_07-22-ok.jpg\",\"contentUrl\":\"https:\/\/teamtex.it\/cms\/wp-content\/uploads\/2023\/02\/TeamTEX_07-22-ok.jpg\",\"width\":608,\"height\":280},{\"@type\":\"BreadcrumbList\",\"@id\":\"https:\/\/teamtex.it\/cms\/il-km-verso-il-blu-cronoscalata-in-mountain-bike\/#breadcrumb\",\"itemListElement\":[{\"@type\":\"ListItem\",\"position\":1,\"name\":\"Home\",\"item\":\"https:\/\/teamtex.it\/cms\/\"},{\"@type\":\"ListItem\",\"position\":2,\"name\":\"km verso il Blu: Cronoscalata in mountain-bike\"}]},{\"@type\":\"WebSite\",\"@id\":\"https:\/\/teamtex.it\/cms\/#website\",\"url\":\"https:\/\/teamtex.it\/cms\/\",\"name\":\"TEAM TEX\",\"description\":\"A.S.D. TEAM TEX\",\"potentialAction\":[{\"@type\":\"SearchAction\",\"target\":{\"@type\":\"EntryPoint\",\"urlTemplate\":\"https:\/\/teamtex.it\/cms\/?s={search_term_string}\"},\"query-input\":{\"@type\":\"PropertyValueSpecification\",\"valueRequired\":true,\"valueName\":\"search_term_string\"}}],\"inLanguage\":\"it-IT\"},{\"@type\":\"Person\",\"@id\":\"https:\/\/teamtex.it\/cms\/#\/schema\/person\/c6de176dbc13e8823f477456eea7b991\",\"name\":\"teamtex\",\"image\":{\"@type\":\"ImageObject\",\"inLanguage\":\"it-IT\",\"@id\":\"https:\/\/teamtex.it\/cms\/#\/schema\/person\/image\/\",\"url\":\"https:\/\/secure.gravatar.com\/avatar\/372a21a9c95239444ec0d17f3042dee8aa8a44f3ac5d5c24c1820b34c8213f8a?s=96&d=mm&r=g\",\"contentUrl\":\"https:\/\/secure.gravatar.com\/avatar\/372a21a9c95239444ec0d17f3042dee8aa8a44f3ac5d5c24c1820b34c8213f8a?s=96&d=mm&r=g\",\"caption\":\"teamtex\"},\"url\":\"https:\/\/teamtex.it\/cms\/author\/teamtex\/\"}]}<\/script>\n<!-- \/ Yoast SEO plugin. -->","yoast_head_json":{"title":"km verso il Blu: Cronoscalata in mountain-bike - TEAM TEX","robots":{"index":"index","follow":"follow","max-snippet":"max-snippet:-1","max-image-preview":"max-image-preview:large","max-video-preview":"max-video-preview:-1"},"canonical":"https:\/\/teamtex.it\/cms\/il-km-verso-il-blu-cronoscalata-in-mountain-bike\/","og_locale":"it_IT","og_type":"article","og_title":"km verso il Blu: Cronoscalata in mountain-bike - TEAM TEX","og_description":"L&#8217;A.S.D. Team Tex Chiuduno \u00e8 orgogliosa di poter ufficializzare che, dopo due anni di stop dovuti alla pandemia di Covid-19, la spettacolare cronoscalta nominata &#8220;km verso il blu&#8221;, che dal","og_url":"https:\/\/teamtex.it\/cms\/il-km-verso-il-blu-cronoscalata-in-mountain-bike\/","og_site_name":"TEAM TEX","article_publisher":"https:\/\/www.facebook.com\/teamTEX.ASD\/","article_published_time":"2022-06-10T23:05:34+00:00","article_modified_time":"2023-02-17T23:06:32+00:00","og_image":[{"width":608,"height":280,"url":"https:\/\/teamtex.it\/cms\/wp-content\/uploads\/2023\/02\/TeamTEX_07-22-ok.jpg","type":"image\/jpeg"}],"author":"teamtex","twitter_misc":{"Scritto da":"teamtex","Tempo di lettura stimato":"6 minuti"},"schema":{"@context":"https:\/\/schema.org","@graph":[{"@type":"WebPage","@id":"https:\/\/teamtex.it\/cms\/il-km-verso-il-blu-cronoscalata-in-mountain-bike\/","url":"https:\/\/teamtex.it\/cms\/il-km-verso-il-blu-cronoscalata-in-mountain-bike\/","name":"km verso il Blu: Cronoscalata in mountain-bike - TEAM TEX","isPartOf":{"@id":"https:\/\/teamtex.it\/cms\/#website"},"primaryImageOfPage":{"@id":"https:\/\/teamtex.it\/cms\/il-km-verso-il-blu-cronoscalata-in-mountain-bike\/#primaryimage"},"image":{"@id":"https:\/\/teamtex.it\/cms\/il-km-verso-il-blu-cronoscalata-in-mountain-bike\/#primaryimage"},"thumbnailUrl":"https:\/\/teamtex.it\/cms\/wp-content\/uploads\/2023\/02\/TeamTEX_07-22-ok.jpg","datePublished":"2022-06-10T23:05:34+00:00","dateModified":"2023-02-17T23:06:32+00:00","author":{"@id":"https:\/\/teamtex.it\/cms\/#\/schema\/person\/c6de176dbc13e8823f477456eea7b991"},"breadcrumb":{"@id":"https:\/\/teamtex.it\/cms\/il-km-verso-il-blu-cronoscalata-in-mountain-bike\/#breadcrumb"},"inLanguage":"it-IT","potentialAction":[{"@type":"ReadAction","target":["https:\/\/teamtex.it\/cms\/il-km-verso-il-blu-cronoscalata-in-mountain-bike\/"]}]},{"@type":"ImageObject","inLanguage":"it-IT","@id":"https:\/\/teamtex.it\/cms\/il-km-verso-il-blu-cronoscalata-in-mountain-bike\/#primaryimage","url":"https:\/\/teamtex.it\/cms\/wp-content\/uploads\/2023\/02\/TeamTEX_07-22-ok.jpg","contentUrl":"https:\/\/teamtex.it\/cms\/wp-content\/uploads\/2023\/02\/TeamTEX_07-22-ok.jpg","width":608,"height":280},{"@type":"BreadcrumbList","@id":"https:\/\/teamtex.it\/cms\/il-km-verso-il-blu-cronoscalata-in-mountain-bike\/#breadcrumb","itemListElement":[{"@type":"ListItem","position":1,"name":"Home","item":"https:\/\/teamtex.it\/cms\/"},{"@type":"ListItem","position":2,"name":"km verso il Blu: Cronoscalata in mountain-bike"}]},{"@type":"WebSite","@id":"https:\/\/teamtex.it\/cms\/#website","url":"https:\/\/teamtex.it\/cms\/","name":"TEAM TEX","description":"A.S.D. TEAM TEX","potentialAction":[{"@type":"SearchAction","target":{"@type":"EntryPoint","urlTemplate":"https:\/\/teamtex.it\/cms\/?s={search_term_string}"},"query-input":{"@type":"PropertyValueSpecification","valueRequired":true,"valueName":"search_term_string"}}],"inLanguage":"it-IT"},{"@type":"Person","@id":"https:\/\/teamtex.it\/cms\/#\/schema\/person\/c6de176dbc13e8823f477456eea7b991","name":"teamtex","image":{"@type":"ImageObject","inLanguage":"it-IT","@id":"https:\/\/teamtex.it\/cms\/#\/schema\/person\/image\/","url":"https:\/\/secure.gravatar.com\/avatar\/372a21a9c95239444ec0d17f3042dee8aa8a44f3ac5d5c24c1820b34c8213f8a?s=96&d=mm&r=g","contentUrl":"https:\/\/secure.gravatar.com\/avatar\/372a21a9c95239444ec0d17f3042dee8aa8a44f3ac5d5c24c1820b34c8213f8a?s=96&d=mm&r=g","caption":"teamtex"},"url":"https:\/\/teamtex.it\/cms\/author\/teamtex\/"}]}},"_links":{"self":[{"href":"https:\/\/teamtex.it\/cms\/wp-json\/wp\/v2\/posts\/3088","targetHints":{"allow":["GET"]}}],"collection":[{"href":"https:\/\/teamtex.it\/cms\/wp-json\/wp\/v2\/posts"}],"about":[{"href":"https:\/\/teamtex.it\/cms\/wp-json\/wp\/v2\/types\/post"}],"author":[{"embeddable":true,"href":"https:\/\/teamtex.it\/cms\/wp-json\/wp\/v2\/users\/3"}],"replies":[{"embeddable":true,"href":"https:\/\/teamtex.it\/cms\/wp-json\/wp\/v2\/comments?post=3088"}],"version-history":[{"count":3,"href":"https:\/\/teamtex.it\/cms\/wp-json\/wp\/v2\/posts\/3088\/revisions"}],"predecessor-version":[{"id":3130,"href":"https:\/\/teamtex.it\/cms\/wp-json\/wp\/v2\/posts\/3088\/revisions\/3130"}],"wp:featuredmedia":[{"embeddable":true,"href":"https:\/\/teamtex.it\/cms\/wp-json\/wp\/v2\/media\/3089"}],"wp:attachment":[{"href":"https:\/\/teamtex.it\/cms\/wp-json\/wp\/v2\/media?parent=3088"}],"wp:term":[{"taxonomy":"category","embeddable":true,"href":"https:\/\/teamtex.it\/cms\/wp-json\/wp\/v2\/categories?post=3088"},{"taxonomy":"post_tag","embeddable":true,"href":"https:\/\/teamtex.it\/cms\/wp-json\/wp\/v2\/tags?post=3088"}],"curies":[{"name":"wp","href":"https:\/\/api.w.org\/{rel}","templated":true}]}}