{"id":3072,"date":"2022-03-18T08:00:17","date_gmt":"2022-03-18T07:00:17","guid":{"rendered":"https:\/\/teamtex.it\/cms\/?p=3072"},"modified":"2023-02-16T00:35:17","modified_gmt":"2023-02-15T23:35:17","slug":"ilcalendario22","status":"publish","type":"post","link":"https:\/\/teamtex.it\/cms\/ilcalendario22\/","title":{"rendered":"Il calendario &#8217;22 del Team TEX"},"content":{"rendered":"<div>\n<div>\n<div dir=\"auto\">\n<div style=\"text-align: left;\">\n<div dir=\"auto\">\n<p>La passione dei nostri tesserati, non si limita ad allenamenti ed uscite durante l&#8217;anno, ma si concretizza anche nella partecipazione a manifestazione ed eventi, non solo per il desiderio di confrontarsi con gli altri, ma soprattutto per condividere <em><strong>&#8220;le pedalate&#8221;<\/strong><\/em> con il gruppo di appassionati.<br \/>\nLa stagione agonistica, per i nostri <strong>TEX&#8217;s raider<\/strong> che si cimentano con la strada, inizier\u00e0 <em>domenica 8 maggio<\/em>, alla<strong> Gran Fondo Internazionale \u201cFELICE GIMONDI\u201d<\/strong> che prender\u00e0 il via alle porte di casa, a Bergamo; un mese dopo, precisamente<em> sabato 4 giugno<\/em> li vedr\u00e0 impegnati nella Classicissima delle Granfondo la <strong>&#8220;MILANO-SANREMO<\/strong>&#8220;.<br \/>\nPer i nostri utlracycler, l&#8217;appuntamento d&#8217;esordio sar\u00e0 <em>Sabato 28 e domenica 29 maggio<\/em>, ad un evento<strong> &#8220;GRAVEL&#8221;<\/strong>, una novit\u00e0 per il settore, il <strong>TUSCANY TRAIL<\/strong>: Un&#8217;evento bikepacking di ben 470 km con partenza ed arrivo ad Orbetello (GR), che le vedr\u00e0 impegnati nei mangia e bevi delle campagne toscane.<br \/>\nNemmeno il tempo di recuperare ed il primo week-end di giugno li attende<strong> &#8220;LA TRANSALP&#8221; Randonee di 1200 km<\/strong> valida come Brevetto per la <em>Parigi-Brest-Parigi<\/em>, con partenza ed arrivo a Verona, dopo aver attraversato gran parte delle vette dell&#8217;arco alpino.<br \/>\n<em>Domenica 12 giugno<\/em>, gli appassionati delle <strong>Granfondo<\/strong> saranno al via della<strong> \u201cBeghem mola mia\u201d<\/strong> giovane manifestazione nata dopo il periodo pandemico, con partenza ed arrivo a Gazzaniga, la GranFondo propone percorsi che abbracciano la provincia di Bergamo, portando i ciclisti dalle montagne al lago d&#8217;Iseo e ritorno, attraverso le nostre splendide valli.<br \/>\nIn preserale, <strong>Venerd\u00ec 17 giugno<\/strong>, dopo due anni di stop torna anche l&#8217;evento in mountain-bike di cui <strong>l&#8217;ASD TEAM TEX<\/strong> \u00e8 partner organizzativo con <strong>l&#8217;A.S.D. Polisportiva Predore<\/strong> e gli<strong> Amici del Pedale<\/strong>, che nel 2006 hanno ideato il <em><strong>&#8220;Km verso il Blu&#8221;<\/strong><\/em>, la <em>Cronoscalata in mountainbike<\/em> pi\u00f9 breve, solo 1240 m ma impegnativa e ripida d&#8217;Italia, infatti gli scalatori dovranno superare la pendenza massima del 33% per raggiungere il traguardo posto in localit\u00e0 San Gregorio a <strong>Predore (BG)<\/strong> di fronte al lago d&#8217;Iseo.<br \/>\nDomenica 19 giugno si terr\u00e0 <a href=\"http:\/\/www.la111.it\"><strong>&#8220;LA 111&#8221;<\/strong><\/a>, manifestazione ideata dal nostro condottiero TEX, e di cui l&#8217;ASD TEAM TEX \u00e8 parte costituente del comitato organizzativo con il <strong>&#8220;Free Time Telgate&#8221;<\/strong>. La quarta edizione della <strong>Ciclopedata tra i Castelli<\/strong> presenter\u00e0 tante novit\u00e0, tra cui la partenza che avverr\u00e0 sempre &#8220;alla francese&#8221; ma da <em>Chiuduno (BG)<\/em>, dall&#8217;efficiente ed attrezzata struttura del Palasettembre. Tre i rinnovati percorsi tra cui i ciclisti potranno scegliere, per attraversare dieci splendidi castelli tra le provincie di BG, BS e CR; tutte le info al sito <a href=\"http:\/\/www.la111.it\">www.la111.it<\/a><br \/>\nIl week-end successivo i nostri <em><strong>ultracycler<\/strong> <\/em>saranno ad un altra Rondonee, la <strong>&#8220;ALPI 4000+&#8221;<\/strong> 1400 km con partenza ed arrivo a<br \/>\nBormio (SO) con un dislivello di 4000+, una vera e propria cavalcata sui pedali.<br \/>\nA luglio, il primo week-end sar\u00e0 ancora dedicato al Gravel con <strong>Il MONTE GRAPPA GRAVEL<\/strong> di 41Km con 1250+ di dislivello, mentre domenica 10 i granfondisti, parteciperanno alla <em>&#8220;Granfondo La Re Stelvio&#8221;<\/em> e <em>domenica 23 luglio<\/em> saranno impegnati nella giovane manifestazione <strong>DUOMO-STELVIO<\/strong> con partenza da Milano ed arrivo in vetta al Passo dello Stelvio.<br \/>\nIl mese di Agosto sar\u00e0 dedicato alle vacanze nell&#8217;ultimo week-end il Team TEX ha organizzato un raid per stare in gruppo, ed apprezzare i nostri paesaggi: con partenza dalla nostra sede di Chiuduno si salir\u00e0 a Valzurio percorrendo le valli bergamasche, pranzare c\/o La Baita Valle Azzurra e rientrare nel pomeriggio.<br \/>\nIl primo week-end di settembre in calendario troviamo la <strong>&#8220;Verona-Resia-Verona&#8221; Randonee di Km 600<\/strong> valida come \u201cBrevetto per la Parigi-Brest-Parigi, mentre<em> domenica 18<\/em> ci sar\u00e0 la <strong>&#8220;Granfondo del Gallo nero&#8221;<\/strong> a Radda in chianti attraverso gli splendidi paesaggi Fiorentini.<br \/>\nIl primo weekend di ottobre si organizzer\u00e0 un ultima pedalata di gruppo, con partenza dalla nostra sede di Chiuduno si pedaler\u00e0 sulle strade della Classicissima delle foglie morte, e si applaudiranno i professionisti che prenderanno parte all&#8217;ultima classica del calendario UCI<strong> &#8220;IL LOMBARDIA&#8221;<\/strong>, che coincider\u00e0 con l&#8217;ultima corsa della carriera di due grandissimi campioni: Vincenzo Nibali e Alejandro Valverde.<br \/>\nRicordiamo inoltre che nella pagina <a href=\"https:\/\/teamtex.it\/cms\/calendario-2022\/\">CALENDARIO 2022<\/a> potrete trovare le date delle corse a cui i nostri tesserati prenderanno parte con i link per scoprirne i rispettivi percorsi, la storia e curiosit\u00e0 delle manifestazioni.<br \/>\nRingraziando i nostri atleti e cicloamatori che condividono la loro passione con i nostri colori; Vi inviatiamo a seguire le nostre ruote social: il profilo Instagram <a href=\"https:\/\/www.instagram.com\/teamtex\/\"> @teamtex<\/a> e\u00a0pagina Facebook<a href=\"https:\/\/www.facebook.com\/teamTEX.ASD\/\"> @teamTEX.ASD<\/a> con le news dal <strong>#teamtex<\/strong> e dal mondo del ciclismo!<\/p>\n<p><em>Che il 2022 poss\u00e0 permettervi di raggiungere i vostri bellissimi traguardi!<\/em><\/p>\n<\/div>\n<\/div>\n<\/div>\n<\/div>\n<div>\n<div>\n<div dir=\"auto\">\n<div dir=\"auto\"><strong>#IoVadoInBici<\/strong><br \/>\n<strong><strong><strong><strong>#teamtex<\/strong><\/strong><\/strong><\/strong><\/div>\n<div dir=\"auto\"><\/div>\n<div dir=\"auto\"><\/div>\n<div dir=\"auto\"><b><a href=\"https:\/\/teamtex.it\/cms\/sponsor-2022\/\" target=\"_blank\" rel=\"noopener\" data-saferedirecturl=\"https:\/\/www.google.com\/url?q=https:\/\/teamtex.it\/cms\/sponsor-2020\/&amp;source=gmail&amp;ust=1611481181566000&amp;usg=AFQjCNF5NZUw1T1Fd8kTxsteJINVX4sfqQ\">&gt;&gt; Conosci i nostri sponsor 2022<\/a><\/b><\/div>\n<\/div>\n<\/div>\n<div><\/div>\n<\/div>\n<div><b><a href=\"https:\/\/www.instagram.com\/teamtex\/\" target=\"_blank\" rel=\"noopener\" data-saferedirecturl=\"https:\/\/www.google.com\/url?q=https:\/\/www.instagram.com\/teamtex\/&amp;source=gmail&amp;ust=1611481181566000&amp;usg=AFQjCNHr0HQoFb6tUqByh7wyc9kzmnYUiQ\">&gt;&gt; Visita il nostro profilo Instagram !<\/a><\/b><\/div>\n<div>\n<div><\/div>\n<div><a href=\"https:\/\/www.facebook.com\/teamTEX.ASD\/\" target=\"_blank\" rel=\"noopener\" data-saferedirecturl=\"https:\/\/www.google.com\/url?q=https:\/\/www.facebook.com\/teamTEX.ASD\/&amp;source=gmail&amp;ust=1611481181566000&amp;usg=AFQjCNGBF9R-D661iFcUrxtOMej52j-H7g\"><b>&gt;&gt; Visita la nostra pagina facebook !<\/b><\/a><\/div>\n<blockquote>\n<div><\/div>\n<\/blockquote>\n<div><b class=\"first-child\"><span class=\"last-child first-child\">A.<\/span><\/b><b class=\"last-child\"><span class=\"last-child first-child\">S.D. Team TEX, v<\/span><\/b><span class=\"last-child first-child\"><b class=\"last-child first-child\">ia Brigata Lupi di Toscana, 15 Chiuduno (Bg)<\/b><\/span><\/div>\n<\/div>\n<\/div>\n<p><span class=\"first-child\"><b class=\"last-child first-child\"><a class=\"last-child first-child\" href=\"mailto:ufficiostampa.teamtex@gmail.com\" target=\"_blank\" rel=\"noopener noreferrer\" data-slimstat=\"5\">ufficiostampa.teamtex@<wbr class=\"last-child first-child\" \/>gmail.com<\/a><\/b><\/span><\/p>\n","protected":false},"excerpt":{"rendered":"<p>La passione dei nostri tesserati, non si limita ad allenamenti ed uscite durante l&#8217;anno, ma si concretizza anche nella partecipazione a manifestazione ed eventi, non solo per il desiderio di<\/p>\n","protected":false},"author":3,"featured_media":3073,"comment_status":"closed","ping_status":"closed","sticky":false,"template":"","format":"standard","meta":{"footnotes":""},"categories":[82,88,15],"tags":[85,37,73,60,53,25,89,58,59],"class_list":["post-3072","post","type-post","status-publish","format-standard","has-post-thumbnail","hentry","category-amatori","category-randonee","category-team-tex","tag-bikers","tag-ciclismo","tag-cicloamatori","tag-cyclingteam","tag-inlombardia","tag-randonee","tag-randoneedelcuore","tag-teamtex","tag-texraiders"],"yoast_head":"<!-- This site is optimized with the Yoast SEO plugin v25.9 - https:\/\/yoast.com\/wordpress\/plugins\/seo\/ -->\n<title>Il calendario &#039;22 del Team TEX - TEAM TEX<\/title>\n<meta name=\"robots\" content=\"index, follow, max-snippet:-1, max-image-preview:large, max-video-preview:-1\" \/>\n<link rel=\"canonical\" href=\"https:\/\/teamtex.it\/cms\/ilcalendario22\/\" \/>\n<meta property=\"og:locale\" content=\"it_IT\" \/>\n<meta property=\"og:type\" content=\"article\" \/>\n<meta property=\"og:title\" content=\"Il calendario &#039;22 del Team TEX - TEAM TEX\" \/>\n<meta property=\"og:description\" content=\"La passione dei nostri tesserati, non si limita ad allenamenti ed uscite durante l&#8217;anno, ma si concretizza anche nella partecipazione a manifestazione ed eventi, non solo per il desiderio di\" \/>\n<meta property=\"og:url\" content=\"https:\/\/teamtex.it\/cms\/ilcalendario22\/\" \/>\n<meta property=\"og:site_name\" content=\"TEAM TEX\" \/>\n<meta property=\"article:publisher\" content=\"https:\/\/www.facebook.com\/teamTEX.ASD\/\" \/>\n<meta property=\"article:published_time\" content=\"2022-03-18T07:00:17+00:00\" \/>\n<meta property=\"article:modified_time\" content=\"2023-02-15T23:35:17+00:00\" \/>\n<meta property=\"og:image\" content=\"https:\/\/teamtex.it\/cms\/wp-content\/uploads\/2023\/02\/TeamTEX_03-22-ok.jpg\" \/>\n\t<meta property=\"og:image:width\" content=\"608\" \/>\n\t<meta property=\"og:image:height\" content=\"280\" \/>\n\t<meta property=\"og:image:type\" content=\"image\/jpeg\" \/>\n<meta name=\"author\" content=\"teamtex\" \/>\n<meta name=\"twitter:label1\" content=\"Scritto da\" \/>\n\t<meta name=\"twitter:data1\" content=\"teamtex\" \/>\n\t<meta name=\"twitter:label2\" content=\"Tempo di lettura stimato\" \/>\n\t<meta name=\"twitter:data2\" content=\"5 minuti\" \/>\n<script type=\"application\/ld+json\" class=\"yoast-schema-graph\">{\"@context\":\"https:\/\/schema.org\",\"@graph\":[{\"@type\":\"WebPage\",\"@id\":\"https:\/\/teamtex.it\/cms\/ilcalendario22\/\",\"url\":\"https:\/\/teamtex.it\/cms\/ilcalendario22\/\",\"name\":\"Il calendario '22 del Team TEX - TEAM TEX\",\"isPartOf\":{\"@id\":\"https:\/\/teamtex.it\/cms\/#website\"},\"primaryImageOfPage\":{\"@id\":\"https:\/\/teamtex.it\/cms\/ilcalendario22\/#primaryimage\"},\"image\":{\"@id\":\"https:\/\/teamtex.it\/cms\/ilcalendario22\/#primaryimage\"},\"thumbnailUrl\":\"https:\/\/teamtex.it\/cms\/wp-content\/uploads\/2023\/02\/TeamTEX_03-22-ok.jpg\",\"datePublished\":\"2022-03-18T07:00:17+00:00\",\"dateModified\":\"2023-02-15T23:35:17+00:00\",\"author\":{\"@id\":\"https:\/\/teamtex.it\/cms\/#\/schema\/person\/c6de176dbc13e8823f477456eea7b991\"},\"breadcrumb\":{\"@id\":\"https:\/\/teamtex.it\/cms\/ilcalendario22\/#breadcrumb\"},\"inLanguage\":\"it-IT\",\"potentialAction\":[{\"@type\":\"ReadAction\",\"target\":[\"https:\/\/teamtex.it\/cms\/ilcalendario22\/\"]}]},{\"@type\":\"ImageObject\",\"inLanguage\":\"it-IT\",\"@id\":\"https:\/\/teamtex.it\/cms\/ilcalendario22\/#primaryimage\",\"url\":\"https:\/\/teamtex.it\/cms\/wp-content\/uploads\/2023\/02\/TeamTEX_03-22-ok.jpg\",\"contentUrl\":\"https:\/\/teamtex.it\/cms\/wp-content\/uploads\/2023\/02\/TeamTEX_03-22-ok.jpg\",\"width\":608,\"height\":280},{\"@type\":\"BreadcrumbList\",\"@id\":\"https:\/\/teamtex.it\/cms\/ilcalendario22\/#breadcrumb\",\"itemListElement\":[{\"@type\":\"ListItem\",\"position\":1,\"name\":\"Home\",\"item\":\"https:\/\/teamtex.it\/cms\/\"},{\"@type\":\"ListItem\",\"position\":2,\"name\":\"Il calendario &#8217;22 del Team TEX\"}]},{\"@type\":\"WebSite\",\"@id\":\"https:\/\/teamtex.it\/cms\/#website\",\"url\":\"https:\/\/teamtex.it\/cms\/\",\"name\":\"TEAM TEX\",\"description\":\"A.S.D. TEAM TEX\",\"potentialAction\":[{\"@type\":\"SearchAction\",\"target\":{\"@type\":\"EntryPoint\",\"urlTemplate\":\"https:\/\/teamtex.it\/cms\/?s={search_term_string}\"},\"query-input\":{\"@type\":\"PropertyValueSpecification\",\"valueRequired\":true,\"valueName\":\"search_term_string\"}}],\"inLanguage\":\"it-IT\"},{\"@type\":\"Person\",\"@id\":\"https:\/\/teamtex.it\/cms\/#\/schema\/person\/c6de176dbc13e8823f477456eea7b991\",\"name\":\"teamtex\",\"image\":{\"@type\":\"ImageObject\",\"inLanguage\":\"it-IT\",\"@id\":\"https:\/\/teamtex.it\/cms\/#\/schema\/person\/image\/\",\"url\":\"https:\/\/secure.gravatar.com\/avatar\/372a21a9c95239444ec0d17f3042dee8aa8a44f3ac5d5c24c1820b34c8213f8a?s=96&d=mm&r=g\",\"contentUrl\":\"https:\/\/secure.gravatar.com\/avatar\/372a21a9c95239444ec0d17f3042dee8aa8a44f3ac5d5c24c1820b34c8213f8a?s=96&d=mm&r=g\",\"caption\":\"teamtex\"},\"url\":\"https:\/\/teamtex.it\/cms\/author\/teamtex\/\"}]}<\/script>\n<!-- \/ Yoast SEO plugin. -->","yoast_head_json":{"title":"Il calendario '22 del Team TEX - TEAM TEX","robots":{"index":"index","follow":"follow","max-snippet":"max-snippet:-1","max-image-preview":"max-image-preview:large","max-video-preview":"max-video-preview:-1"},"canonical":"https:\/\/teamtex.it\/cms\/ilcalendario22\/","og_locale":"it_IT","og_type":"article","og_title":"Il calendario '22 del Team TEX - TEAM TEX","og_description":"La passione dei nostri tesserati, non si limita ad allenamenti ed uscite durante l&#8217;anno, ma si concretizza anche nella partecipazione a manifestazione ed eventi, non solo per il desiderio di","og_url":"https:\/\/teamtex.it\/cms\/ilcalendario22\/","og_site_name":"TEAM TEX","article_publisher":"https:\/\/www.facebook.com\/teamTEX.ASD\/","article_published_time":"2022-03-18T07:00:17+00:00","article_modified_time":"2023-02-15T23:35:17+00:00","og_image":[{"width":608,"height":280,"url":"https:\/\/teamtex.it\/cms\/wp-content\/uploads\/2023\/02\/TeamTEX_03-22-ok.jpg","type":"image\/jpeg"}],"author":"teamtex","twitter_misc":{"Scritto da":"teamtex","Tempo di lettura stimato":"5 minuti"},"schema":{"@context":"https:\/\/schema.org","@graph":[{"@type":"WebPage","@id":"https:\/\/teamtex.it\/cms\/ilcalendario22\/","url":"https:\/\/teamtex.it\/cms\/ilcalendario22\/","name":"Il calendario '22 del Team TEX - TEAM TEX","isPartOf":{"@id":"https:\/\/teamtex.it\/cms\/#website"},"primaryImageOfPage":{"@id":"https:\/\/teamtex.it\/cms\/ilcalendario22\/#primaryimage"},"image":{"@id":"https:\/\/teamtex.it\/cms\/ilcalendario22\/#primaryimage"},"thumbnailUrl":"https:\/\/teamtex.it\/cms\/wp-content\/uploads\/2023\/02\/TeamTEX_03-22-ok.jpg","datePublished":"2022-03-18T07:00:17+00:00","dateModified":"2023-02-15T23:35:17+00:00","author":{"@id":"https:\/\/teamtex.it\/cms\/#\/schema\/person\/c6de176dbc13e8823f477456eea7b991"},"breadcrumb":{"@id":"https:\/\/teamtex.it\/cms\/ilcalendario22\/#breadcrumb"},"inLanguage":"it-IT","potentialAction":[{"@type":"ReadAction","target":["https:\/\/teamtex.it\/cms\/ilcalendario22\/"]}]},{"@type":"ImageObject","inLanguage":"it-IT","@id":"https:\/\/teamtex.it\/cms\/ilcalendario22\/#primaryimage","url":"https:\/\/teamtex.it\/cms\/wp-content\/uploads\/2023\/02\/TeamTEX_03-22-ok.jpg","contentUrl":"https:\/\/teamtex.it\/cms\/wp-content\/uploads\/2023\/02\/TeamTEX_03-22-ok.jpg","width":608,"height":280},{"@type":"BreadcrumbList","@id":"https:\/\/teamtex.it\/cms\/ilcalendario22\/#breadcrumb","itemListElement":[{"@type":"ListItem","position":1,"name":"Home","item":"https:\/\/teamtex.it\/cms\/"},{"@type":"ListItem","position":2,"name":"Il calendario &#8217;22 del Team TEX"}]},{"@type":"WebSite","@id":"https:\/\/teamtex.it\/cms\/#website","url":"https:\/\/teamtex.it\/cms\/","name":"TEAM TEX","description":"A.S.D. TEAM TEX","potentialAction":[{"@type":"SearchAction","target":{"@type":"EntryPoint","urlTemplate":"https:\/\/teamtex.it\/cms\/?s={search_term_string}"},"query-input":{"@type":"PropertyValueSpecification","valueRequired":true,"valueName":"search_term_string"}}],"inLanguage":"it-IT"},{"@type":"Person","@id":"https:\/\/teamtex.it\/cms\/#\/schema\/person\/c6de176dbc13e8823f477456eea7b991","name":"teamtex","image":{"@type":"ImageObject","inLanguage":"it-IT","@id":"https:\/\/teamtex.it\/cms\/#\/schema\/person\/image\/","url":"https:\/\/secure.gravatar.com\/avatar\/372a21a9c95239444ec0d17f3042dee8aa8a44f3ac5d5c24c1820b34c8213f8a?s=96&d=mm&r=g","contentUrl":"https:\/\/secure.gravatar.com\/avatar\/372a21a9c95239444ec0d17f3042dee8aa8a44f3ac5d5c24c1820b34c8213f8a?s=96&d=mm&r=g","caption":"teamtex"},"url":"https:\/\/teamtex.it\/cms\/author\/teamtex\/"}]}},"_links":{"self":[{"href":"https:\/\/teamtex.it\/cms\/wp-json\/wp\/v2\/posts\/3072","targetHints":{"allow":["GET"]}}],"collection":[{"href":"https:\/\/teamtex.it\/cms\/wp-json\/wp\/v2\/posts"}],"about":[{"href":"https:\/\/teamtex.it\/cms\/wp-json\/wp\/v2\/types\/post"}],"author":[{"embeddable":true,"href":"https:\/\/teamtex.it\/cms\/wp-json\/wp\/v2\/users\/3"}],"replies":[{"embeddable":true,"href":"https:\/\/teamtex.it\/cms\/wp-json\/wp\/v2\/comments?post=3072"}],"version-history":[{"count":2,"href":"https:\/\/teamtex.it\/cms\/wp-json\/wp\/v2\/posts\/3072\/revisions"}],"predecessor-version":[{"id":3075,"href":"https:\/\/teamtex.it\/cms\/wp-json\/wp\/v2\/posts\/3072\/revisions\/3075"}],"wp:featuredmedia":[{"embeddable":true,"href":"https:\/\/teamtex.it\/cms\/wp-json\/wp\/v2\/media\/3073"}],"wp:attachment":[{"href":"https:\/\/teamtex.it\/cms\/wp-json\/wp\/v2\/media?parent=3072"}],"wp:term":[{"taxonomy":"category","embeddable":true,"href":"https:\/\/teamtex.it\/cms\/wp-json\/wp\/v2\/categories?post=3072"},{"taxonomy":"post_tag","embeddable":true,"href":"https:\/\/teamtex.it\/cms\/wp-json\/wp\/v2\/tags?post=3072"}],"curies":[{"name":"wp","href":"https:\/\/api.w.org\/{rel}","templated":true}]}}