{"id":1952,"date":"2019-04-18T00:05:16","date_gmt":"2019-04-17T22:05:16","guid":{"rendered":"https:\/\/teamtex.it\/cms\/?p=1952"},"modified":"2019-04-18T07:21:14","modified_gmt":"2019-04-18T05:21:14","slug":"con-massimo-beloli","status":"publish","type":"post","link":"https:\/\/teamtex.it\/cms\/con-massimo-beloli\/","title":{"rendered":"La nostra esperienza nella categoria &#8220;Under23&#8221; con Massimo Beloli!"},"content":{"rendered":"<div>\n<div class=\"m_-4207249262863721632gmail-m_4330799218300793197gmail-m_9043441510339726882gmail-m_-7581953092104293740m_5997230072615494390block-grid\">\n<div>\n<div class=\"m_-4207249262863721632gmail-m_4330799218300793197gmail-m_9043441510339726882gmail-m_-7581953092104293740m_5997230072615494390col m_-4207249262863721632gmail-m_4330799218300793197gmail-m_9043441510339726882gmail-m_-7581953092104293740m_5997230072615494390num12\">\n<div>\n<div>\n<div>\n<div>\n<div style=\"text-align: left;\"><b style=\"color: #232323; font-family: Oxygen, sans-serif;\">Prima di presentarvi la nostra formazione che quest&#8217;anno indossa le maglie Team TEX, vogliamo salutare chi ha cambiato casacca, ma in questi 2 anni, trascorsi con il nostro gruppo, si \u00e8 in primis divertito e ha acquisito una sfrenata passione per i pedali che TEX e i nostri corridori hanno dentro il cuore!<\/b><\/div>\n<div><\/div>\n<\/div>\n<\/div>\n<\/div>\n<\/div>\n<\/div>\n<\/div>\n<\/div>\n<\/div>\n<div>\n<div class=\"m_-4207249262863721632gmail-m_4330799218300793197gmail-m_9043441510339726882gmail-m_-7581953092104293740m_5997230072615494390block-grid\">\n<div>\n<div class=\"m_-4207249262863721632gmail-m_4330799218300793197gmail-m_9043441510339726882gmail-m_-7581953092104293740m_5997230072615494390col m_-4207249262863721632gmail-m_4330799218300793197gmail-m_9043441510339726882gmail-m_-7581953092104293740m_5997230072615494390num12\">\n<div>\n<div>\n<div style=\"text-align: left;\">\n<div>\n<div><span class=\"m_-4207249262863721632gmail-m_4330799218300793197gmail-m_9043441510339726882gmail-m_-7581953092104293740m_5997230072615494390Apple-converted-space\"><span style=\"color: #000000;\">Non solo un grande saluto per Massimo Beloli, ma un ringraziamento speciale da parte di tutti i tesserati, in primis da\u00a0<b>Valerio Tebaldi<\/b>\u00a0e dalla\u00a0<b>Presidente<\/b>\u00a0del Team TEX\u00a0<b>Frederyca<\/b>:\u00a0<i><b>&#8220;Grazie per le emozioni che ci hai fatto vivere in corsa e perch\u00e9, per noi, \u00e8 stato un piccolo sogno che si \u00e8 realizzato!&#8221;<\/b><\/i><i>\u00a0<\/i><\/span><\/span><\/div>\n<\/div>\n<\/div>\n<div>\n<div>\n<div>\n<p style=\"text-align: left;\"><span style=\"color: #232323; font-family: Oxygen, sans-serif;\"><b>Massimo Beloli classe 1999<\/b>, \u00e8 un giovane atleta che ha sempre giocato a calcio, e 3 anni f\u00e0 si \u00e8 per la prima volta avvicinato al ciclismo, grazie a pap\u00e0 Graziano, ex dilettante negli anni&#8217;80 e tesserato con il Team TEX. Valerio, che ha sempre avuto l&#8217;idea di poter inserire anche categorie giovanili nel suo team, ha voluto dare l&#8217;opportunit\u00e0 a Massimo di provare a iniziare con questo sport, e nel 2017 lo ha tesserato come Juniores. Massimo con grande entusiasmo<b>\u00a0si \u00e8 buttato da subito nella mischia a pedalare, ma sempre con il primo obiettivo di divertirsi.<\/b>\u00a0Cos\u00ec si \u00e8 iniziato con gli allenamenti, le gare, ci sono state le prime cadute, ma il ragazzo non ha mollato e lo scorso anno\u00a0<b>Valerio lo ha iscritto alla categoria &#8220;Under 23&#8221;<\/b>\u00a0e vederlo portare a termine le corse da solo, per tutto il team\u00a0<b>\u00e8 stata una grande soddisfazione!<\/b> \u00a0 \u00a0 \u00a0 \u00a0 \u00a0 \u00a0 \u00a0 <\/span><\/p>\n<p style=\"text-align: left;\">Nella cronometro intersociale di fine stagione, che organizziamo, con gli Amici del Pedale Predore, ogni anno a ottobre, Massimo ha vinto e tutti si sono complimentati con lui per il suo impegno e i suoi risultati!\u00a0 <b>Quest&#8217;anno<\/b>\u00a0per poter permettergli di esprimere le sue qualit\u00e0 al meglio, Massimo\u00a0<b>\u00e8 approdato<\/b>\u00a0al team\u00a0<b><i>&#8220;A.S.D. Aries Cycling&#8221;<\/i><\/b>\u00a0di Paolo Zanetta. Una formazione di 5 atleti\u00a0<i><b>&#8220;Under 23&#8221;<\/b><\/i>\u00a0nata in provincia di Novara e diretta da Andrea Pavani con biciclette\u00a0<b>Leopontia by Cheula<\/b>!<\/p>\n<p style=\"text-align: left;\">Un ringraziamento v\u00e0 anche a chi ci ha aiutato operativamente in questo progetto, il <b>DS Enrico Guadrini<\/b>, 12 anni da professionista alla corte di Gimondi e Gavazzi, grande scalatore cremonese, nonch\u00e9 gi\u00e0 DS di Tebaldi nella categoria Dilettanti prima del grande salto tra i professionisti.\u00a0<b>Valerio dice su Guadrini:<\/b>\u00a0<i>&#8220;Non avevamo dubbi, sapevamo come lavora Enrico ed \u00e8 riuscito nell&#8217;obiettivo di trasmettere a Massimo la tecnica e la metodologia che stanno alla base del ciclismo per far emergere le sue qualit\u00e0 migliori&#8221;!<\/i><\/p>\n<p style=\"text-align: left;\"><span style=\"color: #232323; font-family: Oxygen, sans-serif;\">Ecco perch\u00e9 per\u00a0<b>Valerio Tebaldi<\/b>\u00a0\u00e8 stato un piccolo sogno realizzato:\u00a0<b>&#8220;Ho voluto dare l&#8217;opportunit\u00e0 a un giovane ragazzo di correre nelle categorie giovanili ma sempre con il divertimento.<\/b>\u00a0Massimo si \u00e8 impegnato, divertito, ed \u00e8 riuscito a inserirsi in una categoria dove il livello di preparazione \u00e8 gi\u00e0 molto alto; Ora continuer\u00e0 con questo sport che in futuro magari diventer\u00e0 la sua professione, a lui vanno i nostri migliori auguri!\u00a0<b>La mia mentalit\u00e0 e quella di tutto il Team TEX \u00e8 questa: vogliamo in primis che i nostri tesserati pensino al divertimento, ancora di pi\u00f9 quando si tratta di ragazzi giovani. I risultati con la passione e l&#8217;impegno prima o poi arrivano\u201d.<\/b><\/span><\/p>\n<p style=\"text-align: left;\"><span style=\"color: #232323; font-family: Oxygen, sans-serif;\"><b>Massimo Beloli ha gi\u00e0 portato a termine le prime corse del 2019 e tutto il Team TEX augura alla\u00a0<i>&#8220;Tigre di Vigano&#8221;<\/i>\u00a0un buon proseguo di stagione, in attesa della prima vittoria!<\/b><\/span><\/p>\n<div style=\"text-align: left;\"><a href=\"https:\/\/teamtex.it\/cms\/gallery\/la-nostra-esperienza-nella-categoria-under23-con-massimo-beloli\/\">&gt;&gt; Guarda la gallery con gli scatti di Massimo Beloli negli U23<\/a><\/div>\n<div style=\"text-align: left;\"><\/div>\n<div style=\"text-align: left;\"><a href=\"https:\/\/teamtex.it\/cms\/sponsor-2019\/\">&gt;&gt; Conosci i nostri sponsor 2019<\/a><\/div>\n<div><\/div>\n<div style=\"text-align: left;\"><a href=\"https:\/\/www.facebook.com\/pg\/teamTEX.ASD\/posts\/?ref=page_internal\">&gt;&gt; Visita la nostra pagina facebook<\/a><\/div>\n<p>&nbsp;<\/p>\n<p><b><span style=\"font-size: large;\">A<\/span><\/b><b><span style=\"font-size: large;\">SD Team TEX<\/span><\/b><\/p>\n<p><span style=\"color: #232323; font-family: Oxygen, sans-serif;\"><b>via Brigata Lupi di Toscana, 15 Chiuduno (Bg)<\/b><\/span><\/p>\n<p><span style=\"color: #232323; font-family: Oxygen, sans-serif;\"><b><a href=\"mailto:ufficiostampa.teamtex@gmail.com\" target=\"_blank\" rel=\"noopener noreferrer\">ufficiostampa.teamtex@<wbr \/>gmail.com<\/a><\/b><\/span><b>\u00a0<\/b><\/p>\n<\/div>\n<\/div>\n<\/div>\n<\/div>\n<\/div>\n<\/div>\n<\/div>\n<\/div>\n<\/div>\n","protected":false},"excerpt":{"rendered":"<p>Prima di presentarvi la nostra formazione che quest&#8217;anno indossa le maglie Team TEX, vogliamo salutare chi ha cambiato casacca, ma in questi 2 anni, trascorsi con il nostro gruppo, si<\/p>\n","protected":false},"author":3,"featured_media":1941,"comment_status":"closed","ping_status":"closed","sticky":false,"template":"","format":"standard","meta":{"footnotes":""},"categories":[34,33],"tags":[37,38,36,29,35],"class_list":["post-1952","post","type-post","status-publish","format-standard","has-post-thumbnail","hentry","category-strada","category-under-23","tag-ciclismo","tag-dilettanti","tag-massimo-beloli","tag-strada","tag-under-23"],"yoast_head":"<!-- This site is optimized with the Yoast SEO plugin v25.9 - https:\/\/yoast.com\/wordpress\/plugins\/seo\/ -->\n<title>La nostra esperienza nella categoria &quot;Under23&quot; con Massimo Beloli! - TEAM TEX<\/title>\n<meta name=\"robots\" content=\"index, follow, max-snippet:-1, max-image-preview:large, max-video-preview:-1\" \/>\n<link rel=\"canonical\" href=\"https:\/\/teamtex.it\/cms\/con-massimo-beloli\/\" \/>\n<meta property=\"og:locale\" content=\"it_IT\" \/>\n<meta property=\"og:type\" content=\"article\" \/>\n<meta property=\"og:title\" content=\"La nostra esperienza nella categoria &quot;Under23&quot; con Massimo Beloli! - TEAM TEX\" \/>\n<meta property=\"og:description\" content=\"Prima di presentarvi la nostra formazione che quest&#8217;anno indossa le maglie Team TEX, vogliamo salutare chi ha cambiato casacca, ma in questi 2 anni, trascorsi con il nostro gruppo, si\" \/>\n<meta property=\"og:url\" content=\"https:\/\/teamtex.it\/cms\/con-massimo-beloli\/\" \/>\n<meta property=\"og:site_name\" content=\"TEAM TEX\" \/>\n<meta property=\"article:publisher\" content=\"https:\/\/www.facebook.com\/teamTEX.ASD\/\" \/>\n<meta property=\"article:published_time\" content=\"2019-04-17T22:05:16+00:00\" \/>\n<meta property=\"article:modified_time\" content=\"2019-04-18T05:21:14+00:00\" \/>\n<meta property=\"og:image\" content=\"https:\/\/teamtex.it\/cms\/wp-content\/uploads\/2019\/04\/08.jpg\" \/>\n\t<meta property=\"og:image:width\" content=\"1000\" \/>\n\t<meta property=\"og:image:height\" content=\"750\" \/>\n\t<meta property=\"og:image:type\" content=\"image\/jpeg\" \/>\n<meta name=\"author\" content=\"teamtex\" \/>\n<meta name=\"twitter:label1\" content=\"Scritto da\" \/>\n\t<meta name=\"twitter:data1\" content=\"teamtex\" \/>\n\t<meta name=\"twitter:label2\" content=\"Tempo di lettura stimato\" \/>\n\t<meta name=\"twitter:data2\" content=\"3 minuti\" \/>\n<script type=\"application\/ld+json\" class=\"yoast-schema-graph\">{\"@context\":\"https:\/\/schema.org\",\"@graph\":[{\"@type\":\"WebPage\",\"@id\":\"https:\/\/teamtex.it\/cms\/con-massimo-beloli\/\",\"url\":\"https:\/\/teamtex.it\/cms\/con-massimo-beloli\/\",\"name\":\"La nostra esperienza nella categoria \\\"Under23\\\" con Massimo Beloli! - TEAM TEX\",\"isPartOf\":{\"@id\":\"https:\/\/teamtex.it\/cms\/#website\"},\"primaryImageOfPage\":{\"@id\":\"https:\/\/teamtex.it\/cms\/con-massimo-beloli\/#primaryimage\"},\"image\":{\"@id\":\"https:\/\/teamtex.it\/cms\/con-massimo-beloli\/#primaryimage\"},\"thumbnailUrl\":\"https:\/\/teamtex.it\/cms\/wp-content\/uploads\/2019\/04\/08.jpg\",\"datePublished\":\"2019-04-17T22:05:16+00:00\",\"dateModified\":\"2019-04-18T05:21:14+00:00\",\"author\":{\"@id\":\"https:\/\/teamtex.it\/cms\/#\/schema\/person\/c6de176dbc13e8823f477456eea7b991\"},\"breadcrumb\":{\"@id\":\"https:\/\/teamtex.it\/cms\/con-massimo-beloli\/#breadcrumb\"},\"inLanguage\":\"it-IT\",\"potentialAction\":[{\"@type\":\"ReadAction\",\"target\":[\"https:\/\/teamtex.it\/cms\/con-massimo-beloli\/\"]}]},{\"@type\":\"ImageObject\",\"inLanguage\":\"it-IT\",\"@id\":\"https:\/\/teamtex.it\/cms\/con-massimo-beloli\/#primaryimage\",\"url\":\"https:\/\/teamtex.it\/cms\/wp-content\/uploads\/2019\/04\/08.jpg\",\"contentUrl\":\"https:\/\/teamtex.it\/cms\/wp-content\/uploads\/2019\/04\/08.jpg\",\"width\":1000,\"height\":750},{\"@type\":\"BreadcrumbList\",\"@id\":\"https:\/\/teamtex.it\/cms\/con-massimo-beloli\/#breadcrumb\",\"itemListElement\":[{\"@type\":\"ListItem\",\"position\":1,\"name\":\"Home\",\"item\":\"https:\/\/teamtex.it\/cms\/\"},{\"@type\":\"ListItem\",\"position\":2,\"name\":\"La nostra esperienza nella categoria &#8220;Under23&#8221; con Massimo Beloli!\"}]},{\"@type\":\"WebSite\",\"@id\":\"https:\/\/teamtex.it\/cms\/#website\",\"url\":\"https:\/\/teamtex.it\/cms\/\",\"name\":\"TEAM TEX\",\"description\":\"A.S.D. TEAM TEX\",\"potentialAction\":[{\"@type\":\"SearchAction\",\"target\":{\"@type\":\"EntryPoint\",\"urlTemplate\":\"https:\/\/teamtex.it\/cms\/?s={search_term_string}\"},\"query-input\":{\"@type\":\"PropertyValueSpecification\",\"valueRequired\":true,\"valueName\":\"search_term_string\"}}],\"inLanguage\":\"it-IT\"},{\"@type\":\"Person\",\"@id\":\"https:\/\/teamtex.it\/cms\/#\/schema\/person\/c6de176dbc13e8823f477456eea7b991\",\"name\":\"teamtex\",\"image\":{\"@type\":\"ImageObject\",\"inLanguage\":\"it-IT\",\"@id\":\"https:\/\/teamtex.it\/cms\/#\/schema\/person\/image\/\",\"url\":\"https:\/\/secure.gravatar.com\/avatar\/372a21a9c95239444ec0d17f3042dee8aa8a44f3ac5d5c24c1820b34c8213f8a?s=96&d=mm&r=g\",\"contentUrl\":\"https:\/\/secure.gravatar.com\/avatar\/372a21a9c95239444ec0d17f3042dee8aa8a44f3ac5d5c24c1820b34c8213f8a?s=96&d=mm&r=g\",\"caption\":\"teamtex\"},\"url\":\"https:\/\/teamtex.it\/cms\/author\/teamtex\/\"}]}<\/script>\n<!-- \/ Yoast SEO plugin. -->","yoast_head_json":{"title":"La nostra esperienza nella categoria \"Under23\" con Massimo Beloli! - TEAM TEX","robots":{"index":"index","follow":"follow","max-snippet":"max-snippet:-1","max-image-preview":"max-image-preview:large","max-video-preview":"max-video-preview:-1"},"canonical":"https:\/\/teamtex.it\/cms\/con-massimo-beloli\/","og_locale":"it_IT","og_type":"article","og_title":"La nostra esperienza nella categoria \"Under23\" con Massimo Beloli! - TEAM TEX","og_description":"Prima di presentarvi la nostra formazione che quest&#8217;anno indossa le maglie Team TEX, vogliamo salutare chi ha cambiato casacca, ma in questi 2 anni, trascorsi con il nostro gruppo, si","og_url":"https:\/\/teamtex.it\/cms\/con-massimo-beloli\/","og_site_name":"TEAM TEX","article_publisher":"https:\/\/www.facebook.com\/teamTEX.ASD\/","article_published_time":"2019-04-17T22:05:16+00:00","article_modified_time":"2019-04-18T05:21:14+00:00","og_image":[{"width":1000,"height":750,"url":"https:\/\/teamtex.it\/cms\/wp-content\/uploads\/2019\/04\/08.jpg","type":"image\/jpeg"}],"author":"teamtex","twitter_misc":{"Scritto da":"teamtex","Tempo di lettura stimato":"3 minuti"},"schema":{"@context":"https:\/\/schema.org","@graph":[{"@type":"WebPage","@id":"https:\/\/teamtex.it\/cms\/con-massimo-beloli\/","url":"https:\/\/teamtex.it\/cms\/con-massimo-beloli\/","name":"La nostra esperienza nella categoria \"Under23\" con Massimo Beloli! - TEAM TEX","isPartOf":{"@id":"https:\/\/teamtex.it\/cms\/#website"},"primaryImageOfPage":{"@id":"https:\/\/teamtex.it\/cms\/con-massimo-beloli\/#primaryimage"},"image":{"@id":"https:\/\/teamtex.it\/cms\/con-massimo-beloli\/#primaryimage"},"thumbnailUrl":"https:\/\/teamtex.it\/cms\/wp-content\/uploads\/2019\/04\/08.jpg","datePublished":"2019-04-17T22:05:16+00:00","dateModified":"2019-04-18T05:21:14+00:00","author":{"@id":"https:\/\/teamtex.it\/cms\/#\/schema\/person\/c6de176dbc13e8823f477456eea7b991"},"breadcrumb":{"@id":"https:\/\/teamtex.it\/cms\/con-massimo-beloli\/#breadcrumb"},"inLanguage":"it-IT","potentialAction":[{"@type":"ReadAction","target":["https:\/\/teamtex.it\/cms\/con-massimo-beloli\/"]}]},{"@type":"ImageObject","inLanguage":"it-IT","@id":"https:\/\/teamtex.it\/cms\/con-massimo-beloli\/#primaryimage","url":"https:\/\/teamtex.it\/cms\/wp-content\/uploads\/2019\/04\/08.jpg","contentUrl":"https:\/\/teamtex.it\/cms\/wp-content\/uploads\/2019\/04\/08.jpg","width":1000,"height":750},{"@type":"BreadcrumbList","@id":"https:\/\/teamtex.it\/cms\/con-massimo-beloli\/#breadcrumb","itemListElement":[{"@type":"ListItem","position":1,"name":"Home","item":"https:\/\/teamtex.it\/cms\/"},{"@type":"ListItem","position":2,"name":"La nostra esperienza nella categoria &#8220;Under23&#8221; con Massimo Beloli!"}]},{"@type":"WebSite","@id":"https:\/\/teamtex.it\/cms\/#website","url":"https:\/\/teamtex.it\/cms\/","name":"TEAM TEX","description":"A.S.D. TEAM TEX","potentialAction":[{"@type":"SearchAction","target":{"@type":"EntryPoint","urlTemplate":"https:\/\/teamtex.it\/cms\/?s={search_term_string}"},"query-input":{"@type":"PropertyValueSpecification","valueRequired":true,"valueName":"search_term_string"}}],"inLanguage":"it-IT"},{"@type":"Person","@id":"https:\/\/teamtex.it\/cms\/#\/schema\/person\/c6de176dbc13e8823f477456eea7b991","name":"teamtex","image":{"@type":"ImageObject","inLanguage":"it-IT","@id":"https:\/\/teamtex.it\/cms\/#\/schema\/person\/image\/","url":"https:\/\/secure.gravatar.com\/avatar\/372a21a9c95239444ec0d17f3042dee8aa8a44f3ac5d5c24c1820b34c8213f8a?s=96&d=mm&r=g","contentUrl":"https:\/\/secure.gravatar.com\/avatar\/372a21a9c95239444ec0d17f3042dee8aa8a44f3ac5d5c24c1820b34c8213f8a?s=96&d=mm&r=g","caption":"teamtex"},"url":"https:\/\/teamtex.it\/cms\/author\/teamtex\/"}]}},"_links":{"self":[{"href":"https:\/\/teamtex.it\/cms\/wp-json\/wp\/v2\/posts\/1952","targetHints":{"allow":["GET"]}}],"collection":[{"href":"https:\/\/teamtex.it\/cms\/wp-json\/wp\/v2\/posts"}],"about":[{"href":"https:\/\/teamtex.it\/cms\/wp-json\/wp\/v2\/types\/post"}],"author":[{"embeddable":true,"href":"https:\/\/teamtex.it\/cms\/wp-json\/wp\/v2\/users\/3"}],"replies":[{"embeddable":true,"href":"https:\/\/teamtex.it\/cms\/wp-json\/wp\/v2\/comments?post=1952"}],"version-history":[{"count":0,"href":"https:\/\/teamtex.it\/cms\/wp-json\/wp\/v2\/posts\/1952\/revisions"}],"wp:featuredmedia":[{"embeddable":true,"href":"https:\/\/teamtex.it\/cms\/wp-json\/wp\/v2\/media\/1941"}],"wp:attachment":[{"href":"https:\/\/teamtex.it\/cms\/wp-json\/wp\/v2\/media?parent=1952"}],"wp:term":[{"taxonomy":"category","embeddable":true,"href":"https:\/\/teamtex.it\/cms\/wp-json\/wp\/v2\/categories?post=1952"},{"taxonomy":"post_tag","embeddable":true,"href":"https:\/\/teamtex.it\/cms\/wp-json\/wp\/v2\/tags?post=1952"}],"curies":[{"name":"wp","href":"https:\/\/api.w.org\/{rel}","templated":true}]}}